{"id":6582,"date":"2014-08-06T09:07:55","date_gmt":"2014-08-06T06:07:55","guid":{"rendered":"http:\/\/www.sana.sy\/tr\/?p=6582"},"modified":"2014-08-06T09:07:55","modified_gmt":"2014-08-06T06:07:55","slug":"terorist-irak-ve-sam-devleti-orgutu-bolgesel-baris-ve-istikrarina-tehdit-olusturuyor","status":"publish","type":"post","link":"https:\/\/archive.sana.sy\/tr\/?p=6582","title":{"rendered":"Ter\u00f6rist \u201cIrak ve \u015eam Devleti \u00d6rg\u00fct\u00fc\u201d B\u00f6lgesel Bar\u0131\u015f ve \u0130stikrar\u0131na Tehdit Olu\u015fturuyor"},"content":{"rendered":"<p>NEW YORK \u2013 Uluslararas\u0131 G\u00fcvenlik Konseyi ter\u00f6rist \u201cIrak ve \u015eam Devleti \u00d6rg\u00fct\u00fcn\u00fcn\u201d sadece Irak ve Suriye de\u011fil b\u00f6lgesel bar\u0131\u015f ve g\u00fcvenli\u011fine de tehdit olu\u015fturdu\u011funu belirtti. Konsey, Kaideye ba\u011fl\u0131 s\u00f6z konusu ter\u00f6r \u00f6rg\u00fct\u00fcn\u00fcn \u00f6zellikle de Sincar kenti ve \u00fclkenin kuzeyini ele ge\u00e7irmesi ard\u0131ndan Irak\u2019ta az\u0131nl\u0131klara y\u00f6nelik i\u015fledi\u011fi son katliamlar\u0131 k\u0131namakla yetindi.<\/p>\n<p>Konsey, s\u00f6z konusu ihlallerin insanl\u0131\u011fa kar\u015f\u0131 su\u00e7 te\u015fkil edebilece\u011fine i\u015faret etti.<\/p>\n<p>AFP, 15 Konsey \u00fcyelerinin toplu olarak \u00e7\u0131kan ba\u015fkanl\u0131k beyan\u0131ndaki s\u00f6zlerinden naklen, s\u00f6zde ter\u00f6rist \u201cIrak ve \u015eam Devleti \u00d6rg\u00fct\u00fcn\u00fcn\u201d sald\u0131r\u0131lar\u0131 sebebiyle g\u00f6\u00e7 eden, aralar\u0131nda Yezidiler gibi az\u0131nl\u0131k fertlerinin \u00e7o\u011funun i\u00e7inde bulundu\u011fu y\u00fcz binlerce Irakl\u0131ya y\u00f6nelik endi\u015felerini dile getirdi.<\/p>\n<p>Konsey, bat\u0131n\u0131n destekledi\u011fi ve y\u00fczlerce bat\u0131l\u0131 raporun eylemlerini belgeledi\u011fi s\u00f6z konusu ter\u00f6r \u00f6rg\u00fct\u00fc ve benzerlerinin Suriye\u2019de i\u015fledikleri korkun\u00e7 eylemlere hi\u00e7 i\u015faret etmedi.<\/p>\n<p>&nbsp;<\/p>\n","protected":false},"excerpt":{"rendered":"<p>NEW YORK \u2013 Uluslararas\u0131 G\u00fcvenlik Konseyi ter\u00f6rist \u201cIrak ve \u015eam Devleti \u00d6rg\u00fct\u00fcn\u00fcn\u201d sadece Irak ve Suriye de\u011fil b\u00f6lgesel bar\u0131\u015f ve g\u00fcvenli\u011fine de tehdit olu\u015fturdu\u011funu belirtti. Konsey, Kaideye ba\u011fl\u0131 s\u00f6z konusu ter\u00f6r \u00f6rg\u00fct\u00fcn\u00fcn \u00f6zellikle de Sincar kenti ve \u00fclkenin kuzeyini ele ge\u00e7irmesi ard\u0131ndan Irak\u2019ta az\u0131nl\u0131klara y\u00f6nelik i\u015fledi\u011fi son katliamlar\u0131 k\u0131namakla yetindi. Konsey, s\u00f6z konusu ihlallerin insanl\u0131\u011fa &hellip;<\/p>\n","protected":false},"author":1,"featured_media":6583,"comment_status":"closed","ping_status":"closed","sticky":false,"template":"","format":"standard","meta":{"footnotes":""},"categories":[458,459,447],"tags":[1469],"class_list":["post-6582","post","type-post","status-publish","format-standard","has-post-thumbnail","","category-dunya1","category-haberler-arap-uluslararasi-politika","category-politika","tag-terorist-irak-ve-sam-devleti-orgutu-bolgesel-baris-ve-istikrarina-tehdit-olusturuyor"],"_links":{"self":[{"href":"https:\/\/archive.sana.sy\/tr\/index.php?rest_route=\/wp\/v2\/posts\/6582","targetHints":{"allow":["GET"]}}],"collection":[{"href":"https:\/\/archive.sana.sy\/tr\/index.php?rest_route=\/wp\/v2\/posts"}],"about":[{"href":"https:\/\/archive.sana.sy\/tr\/index.php?rest_route=\/wp\/v2\/types\/post"}],"author":[{"embeddable":true,"href":"https:\/\/archive.sana.sy\/tr\/index.php?rest_route=\/wp\/v2\/users\/1"}],"replies":[{"embeddable":true,"href":"https:\/\/archive.sana.sy\/tr\/index.php?rest_route=%2Fwp%2Fv2%2Fcomments&post=6582"}],"version-history":[{"count":0,"href":"https:\/\/archive.sana.sy\/tr\/index.php?rest_route=\/wp\/v2\/posts\/6582\/revisions"}],"wp:featuredmedia":[{"embeddable":true,"href":"https:\/\/archive.sana.sy\/tr\/index.php?rest_route=\/wp\/v2\/media\/6583"}],"wp:attachment":[{"href":"https:\/\/archive.sana.sy\/tr\/index.php?rest_route=%2Fwp%2Fv2%2Fmedia&parent=6582"}],"wp:term":[{"taxonomy":"category","embeddable":true,"href":"https:\/\/archive.sana.sy\/tr\/index.php?rest_route=%2Fwp%2Fv2%2Fcategories&post=6582"},{"taxonomy":"post_tag","embeddable":true,"href":"https:\/\/archive.sana.sy\/tr\/index.php?rest_route=%2Fwp%2Fv2%2Ftags&post=6582"}],"curies":[{"name":"wp","href":"https:\/\/api.w.org\/{rel}","templated":true}]}}