{"id":65824,"date":"2016-03-21T10:37:53","date_gmt":"2016-03-21T08:37:53","guid":{"rendered":"http:\/\/sana.sy\/tr\/?p=65824"},"modified":"2016-03-22T15:45:38","modified_gmt":"2016-03-22T13:45:38","slug":"suriyeli-kurtlerin-haklari-halkin-diger-bilesenlerinden-uzak-bir-sekilde-saglanamaz","status":"publish","type":"post","link":"https:\/\/archive.sana.sy\/tr\/?p=65824","title":{"rendered":"Suriyeli K\u00fcrtlerin Haklar\u0131 Halk\u0131n Di\u011fer Bile\u015fenlerinden Uzak Bir \u015eekilde Sa\u011flanamaz"},"content":{"rendered":"<p>\u015eAM \u2013 Suriye Kom\u00fcnist Birlik Partisi Haseke k\u0131rsal\u0131n Rmeylan Kentinde toplananlar\u0131n bulunduklar\u0131 \u2018federallik\u2019 ilan\u0131n\u0131n BM kararlar\u0131 ve misaklar\u0131na ek olarak Suriye&#8217;deki krize ili\u015fkin t\u00fcm karar ve deklarasyonlara ayk\u0131r\u0131 oldu\u011funu belirtti.<\/p>\n<p>Parti bug\u00fcn yay\u0131nlad\u0131\u011f\u0131 ve bir n\u00fcshas\u0131 SANA\u2019ya ula\u015ft\u0131r\u0131lan b\u00fclteninde; \u2018Kuzey Suriye Federalli\u011fi\u2019 ad\u0131 alt\u0131nda yap\u0131lan ilan\u0131n, muhtelif bile\u015fenleriyle Suriye halk\u0131n\u0131n iradesini g\u00f6z ard\u0131 etti\u011fini ifade etti. Suriye halk\u0131n\u0131n bir bile\u015feninin tek tarafl\u0131 kararla bu y\u00f6nde att\u0131\u011f\u0131 ad\u0131m\u0131n Suriye ve halk\u0131na d\u00fc\u015fman taraflar\u0131n ajandalar\u0131na hizmet etti\u011fini belirten parti; Suriye ve halk\u0131n\u0131n \u00e7\u0131karlar\u0131n\u0131 baltalama niteli\u011finde say\u0131lan bu ilan\u0131n Suriye halk\u0131n\u0131n muhtelif kesimleri ve bile\u015fenleri taraf\u0131ndan mutlak bir \u015fekilde reddedildi\u011fini vurgulad\u0131.<\/p>\n<p>Parti Suriyeliler aras\u0131nda diyalogun peki\u015ftirilmesiyle ter\u00f6re kar\u015f\u0131 m\u00fccadele ve vatan egemenli\u011finin toprak b\u00fct\u00fcnl\u00fc\u011f\u00fc ile korunmas\u0131n\u0131n \u00f6zellikle bu s\u00fcre\u00e7 i\u00e7inde temel bir gereksinim oldu\u011funun alt\u0131n\u0131 \u00e7izdi.<\/p>\n<p>Parti b\u00fclteninin sonunda Suriyeli K\u00fcrtleri, att\u0131klar\u0131 bu ad\u0131m\u0131n sonu\u00e7 ve tehlikesini irdelemelerine \u00e7a\u011f\u0131rarak, Suriye K\u00fcrtlerinin Suriye halk\u0131n\u0131n temel bir bile\u015feni olduklar\u0131n\u0131, haklar\u0131n\u0131 da di\u011fer bile\u015fenlerden uzak bir \u015fekilde sa\u011flamalar\u0131n\u0131n m\u00fcmk\u00fcn olmad\u0131\u011f\u0131n\u0131 ifade etti.<\/p>\n","protected":false},"excerpt":{"rendered":"<p>\u015eAM \u2013 Suriye Kom\u00fcnist Birlik Partisi Haseke k\u0131rsal\u0131n Rmeylan Kentinde toplananlar\u0131n bulunduklar\u0131 \u2018federallik\u2019 ilan\u0131n\u0131n BM kararlar\u0131 ve misaklar\u0131na ek olarak Suriye&#8217;deki krize ili\u015fkin t\u00fcm karar ve deklarasyonlara ayk\u0131r\u0131 oldu\u011funu belirtti. Parti bug\u00fcn yay\u0131nlad\u0131\u011f\u0131 ve bir n\u00fcshas\u0131 SANA\u2019ya ula\u015ft\u0131r\u0131lan b\u00fclteninde; \u2018Kuzey Suriye Federalli\u011fi\u2019 ad\u0131 alt\u0131nda yap\u0131lan ilan\u0131n, muhtelif bile\u015fenleriyle Suriye halk\u0131n\u0131n iradesini g\u00f6z ard\u0131 etti\u011fini ifade &hellip;<\/p>\n","protected":false},"author":1,"featured_media":65825,"comment_status":"closed","ping_status":"closed","sticky":false,"template":"","format":"standard","meta":{"footnotes":""},"categories":[479,17988,478],"tags":[],"class_list":["post-65824","post","type-post","status-publish","format-standard","has-post-thumbnail","","category-haberler-yerel","category-son-haberler","category-yerel"],"_links":{"self":[{"href":"https:\/\/archive.sana.sy\/tr\/index.php?rest_route=\/wp\/v2\/posts\/65824","targetHints":{"allow":["GET"]}}],"collection":[{"href":"https:\/\/archive.sana.sy\/tr\/index.php?rest_route=\/wp\/v2\/posts"}],"about":[{"href":"https:\/\/archive.sana.sy\/tr\/index.php?rest_route=\/wp\/v2\/types\/post"}],"author":[{"embeddable":true,"href":"https:\/\/archive.sana.sy\/tr\/index.php?rest_route=\/wp\/v2\/users\/1"}],"replies":[{"embeddable":true,"href":"https:\/\/archive.sana.sy\/tr\/index.php?rest_route=%2Fwp%2Fv2%2Fcomments&post=65824"}],"version-history":[{"count":0,"href":"https:\/\/archive.sana.sy\/tr\/index.php?rest_route=\/wp\/v2\/posts\/65824\/revisions"}],"wp:featuredmedia":[{"embeddable":true,"href":"https:\/\/archive.sana.sy\/tr\/index.php?rest_route=\/wp\/v2\/media\/65825"}],"wp:attachment":[{"href":"https:\/\/archive.sana.sy\/tr\/index.php?rest_route=%2Fwp%2Fv2%2Fmedia&parent=65824"}],"wp:term":[{"taxonomy":"category","embeddable":true,"href":"https:\/\/archive.sana.sy\/tr\/index.php?rest_route=%2Fwp%2Fv2%2Fcategories&post=65824"},{"taxonomy":"post_tag","embeddable":true,"href":"https:\/\/archive.sana.sy\/tr\/index.php?rest_route=%2Fwp%2Fv2%2Ftags&post=65824"}],"curies":[{"name":"wp","href":"https:\/\/api.w.org\/{rel}","templated":true}]}}