{"id":65829,"date":"2016-03-21T19:30:05","date_gmt":"2016-03-21T17:30:05","guid":{"rendered":"http:\/\/sana.sy\/tr\/?p=65829"},"modified":"2016-03-22T16:55:59","modified_gmt":"2016-03-22T14:55:59","slug":"suriye-heyeti-de-mistura-ile-gorustu-2","status":"publish","type":"post","link":"https:\/\/archive.sana.sy\/tr\/?p=65829","title":{"rendered":"Suriye Bu Ama\u00e7la \u00c7\u00f6z\u00fcm \u0130\u00e7in Temel Fakt\u00f6rler Belgesini Sundu (video)"},"content":{"rendered":"<p>CENEVRE \u2013 Cenevre&#8217;de Suriyeliler aras\u0131ndaki dolayl\u0131 diyalog g\u00f6r\u00fc\u015fmelerinde Suriye Arap Cumhuriyeti heyetinin ba\u015fkan\u0131 Be\u015f\u015far el Caferi BM genel sekreterinin Suriye \u00f6zel temsilcisi Staffan de Mistura ile BM binas\u0131nda yap\u0131lan toplant\u0131 ard\u0131ndan bas\u0131na a\u00e7\u0131klama yapt\u0131.<\/p>\n<p>Caferi bas\u0131n a\u00e7\u0131klamas\u0131nda Suriye heyetinin de Mistura ile \u00f6nemli temaslarda bulundu\u011funu belirtirken, Suriye ve t\u00fcm d\u00fcnya a\u00e7\u0131s\u0131ndan b\u00fcy\u00fck bir \u00f6nem ta\u015f\u0131yan ter\u00f6rle m\u00fccadele gibi \u00f6ncelikli meseleleri derin bir \u015fekilde ele ald\u0131klar\u0131n\u0131 belirtti.<\/p>\n<p>Bir k\u0131sm\u0131 BMGK\u2019de \u00fcye kimi devletlerin ter\u00f6re destekleri ve T\u00fcrkiye \u00fczerinden muhtelif adland\u0131rmalar alt\u0131nda Suriye&#8217;ye ihra\u00e7 etmeleri tehlikesini de Mistura\u2019ya izah ettiklerini ifade eden Caferi; etkin silahl\u0131 ter\u00f6r gruplar\u0131na verilen adland\u0131rmalar\u0131n, bu gruplar\u0131n t\u00fcm\u00fcn\u00fcn ter\u00f6r \u00f6rg\u00fctleri olduklar\u0131 ger\u00e7e\u011fini de\u011fi\u015ftirmeyece\u011finin alt\u0131n\u0131 \u00e7izdi.<\/p>\n<p><a href=\"http:\/\/sana.sy\/tr\/wp-content\/uploads\/2016\/03\/Cenevre-3.jpg\"><img loading=\"lazy\" decoding=\"async\" class=\"alignright wp-image-65885 size-medium\" src=\"http:\/\/sana.sy\/tr\/wp-content\/uploads\/2016\/03\/Cenevre-3-300x150.jpg\" alt=\"Cenevre\" width=\"300\" height=\"150\" srcset=\"https:\/\/archive.sana.sy\/tr\/wp-content\/uploads\/2016\/03\/Cenevre-3-300x150.jpg 300w, https:\/\/archive.sana.sy\/tr\/wp-content\/uploads\/2016\/03\/Cenevre-3-150x75.jpg 150w, https:\/\/archive.sana.sy\/tr\/wp-content\/uploads\/2016\/03\/Cenevre-3.jpg 660w\" sizes=\"auto, (max-width: 300px) 100vw, 300px\" \/><\/a>Caferi Fransa, \u0130ngiltere, Amerika ya da ba\u015fka devletlerde faaliyet g\u00f6sterip de bir k\u0131s\u0131m devletler taraf\u0131ndan desteklenip g\u00f6zetilmelerinin kabul edilemez oldu\u011fu bir zamanda Suriye ve halk\u0131na kar\u015f\u0131 neden \u00e7ifte standartl\u0131 bir tutum izlenip ter\u00f6ristlerin \u2018muhalefet\u2019 olarak adland\u0131r\u0131ld\u0131klar\u0131 sorusuna vurgu yapt\u0131. Suriye&#8217;de aktif ter\u00f6ristlerin \u2018silahl\u0131 muhalifler\u2019, \u2018\u0131l\u0131ml\u0131 muhalifler\u2019 veya \u2018cihat\u00e7\u0131lar\u2019 olarak adland\u0131r\u0131l\u0131p ger\u00e7ek s\u0131fatlar\u0131yla ter\u00f6rist olarak adland\u0131r\u0131lmad\u0131klar\u0131na dikkat \u00e7eken Caferi; fakat bu \u2018cihat\u00e7\u0131lar\u0131n\u2019 geldikleri devletlere geri d\u00f6n\u00fcld\u00fc\u011f\u00fcnde orada ter\u00f6rist olarak adland\u0131r\u0131ld\u0131klar\u0131na ve bu y\u00f6nde muamele g\u00f6rd\u00fcklerine vurgu yapt\u0131. Caferi kimi devletlerin sadece Suriye&#8217;de ter\u00f6riste ve kiral\u0131klara \u2018cihat\u00e7\u0131\u2019 veya \u2018muhalif\u2019 ad\u0131n\u0131 verdiklerine dikkat \u00e7ekti.<\/p>\n<p>De Mistura\u2019ya Vahhabilikle temsil olan radikal ve tekfirci ideoloji kayna\u011f\u0131n\u0131n tehlikesini a\u00e7\u0131klad\u0131klar\u0131n\u0131 belirten Caferi; Kaide ideolojisinin temelini te\u015fkil eden bu ideolojinin t\u00fcm d\u00fcnya ve halklar\u0131na kar\u015f\u0131 ciddi bir tehlike te\u015fkil etti\u011fini vurgulad\u0131klar\u0131n\u0131 belirtti.<\/p>\n<p>Caferi Suriye heyetinin bir \u00f6nceki oturumda de Mistura\u2019ya \u2018Krizin siyasi \u00e7\u00f6z\u00fcm temelleri\u2019 belgesi ad\u0131 alt\u0131nda takdim etti\u011fi belgeye ili\u015fkin di\u011fer taraflardan herhangi bir cevap almad\u0131\u011f\u0131n\u0131 ifade ederken, de Mistura\u2019n\u0131n \u00f6n\u00fcm\u00fczdeki \u00c7ar\u015famba ya da Per\u015fembe g\u00fcn\u00fc cevap aktarma vaadinde bulundu\u011funu a\u00e7\u0131klad\u0131.<\/p>\n<p>\u2018Suudi Arabistan heyetinin\u2019 Suriye&#8217;de cumhurba\u015fkanl\u0131\u011f\u0131 makam\u0131na ili\u015fkin bulundu\u011fu a\u00e7\u0131klama yada s\u0131zd\u0131rmalar\u0131n\u0131 cevap hakketmeyen s\u00f6zler olarak nitelendiren Caferi; \u00f6yle ki bu meselenin kesinlikle tart\u0131\u015fma konusu olmad\u0131\u011f\u0131 gibi, bu diyalogun mevzusu olmad\u0131\u011f\u0131n\u0131, hi\u00e7bir belge ya da kararda da yer almad\u0131\u011f\u0131n\u0131 vurgulad\u0131.<\/p>\n<p>13 Nisanda yap\u0131lmas\u0131 beklenen Halk Meclisi se\u00e7imleri konusundaki bir k\u0131s\u0131m a\u00e7\u0131klamalar konusunda ise Caferi; Suriyelilerin Halk Meclisindeki temsilcilerini se\u00e7ecekleri bu yasama se\u00e7imlerine ili\u015fkin bir k\u0131s\u0131m sorumsuz a\u00e7\u0131klamalar\u0131n mant\u0131kla ilgisi olmad\u0131\u011f\u0131n\u0131 s\u00f6yledi.<\/p>\n<p>Caferi de Mistura\u2019n\u0131n \u015fu ana dek yap\u0131lan g\u00f6r\u00fc\u015fmelerde Suriye Arap Cumhuriyeti heyetine herhangi bir taraftan hi\u00e7bir resmi ka\u011f\u0131t ya da belge teslim etmedi\u011fini belirtti.<\/p>\n<p>Suriye Arap Cumhuriyeti heyetinin \u015fu ana dek diyalog g\u00f6r\u00fc\u015fmelerinde muhalefet heyetini kimlerin temsil etti\u011fini, kimin uzman yada kimin dan\u0131\u015fman oldu\u011funu bilmedi\u011fine dikkat \u00e7eken Caferi; bunun da diyalog \u00f6n\u00fcnde b\u00fcy\u00fck bir engel oldu\u011funu ifade etti.<\/p>\n<p>Caferi Suriye&#8217;nin, halk\u0131n\u0131n ya\u015fad\u0131\u011f\u0131 ac\u0131lara son verecek ve krize siyasi \u00e7\u00f6z\u00fcm\u00fcn sa\u011flanmas\u0131na katk\u0131 sa\u011flayacak etkin ve ciddi bir diyalog idealinde oldu\u011funu ifade ederken, Suriye heyetinin de bu y\u00f6nde ve bu ama\u00e7la ba\u015ftan beri \u00e7\u00f6z\u00fcm i\u00e7in temel fakt\u00f6rler belgesi sundu\u011funu vurgulad\u0131.<\/p>\n<p>Cenevre\u2019de Suriyeliler aras\u0131ndaki dolayl\u0131 diyalog g\u00f6r\u00fc\u015fmelerinde Suriye Arap Cumhuriyeti heyeti ile BM genel sekreterinin Suriye \u00f6zel temsilcisi de Mistura aras\u0131nda bug\u00fcn \u00f6\u011fleden sonra BM\u2019nin Cenevre ofisi binas\u0131nda bir toplant\u0131 d\u00fczenlenmi\u015fti.<\/p>\n<p>https:\/\/www.youtube.com\/watch?v=gr_CPTCucxQ<\/p>\n<p><span style=\"color: #0000ff\">De Mistura: Ter\u00f6r ve Ter\u00f6r \u00d6rg\u00fctlerinin Tan\u0131m\u0131n\u0131 Tart\u0131\u015ft\u0131k<\/span><\/p>\n<p>BM genel sekreterinin Suriye \u00f6zel temsilcisi Staffan de Mistura Suriye Arap Cumhuriyeti heyeti ile BM\u2019nin Cenevre Ofisinde d\u00fczenledi\u011fi toplant\u0131 ard\u0131ndan bas\u0131na yapt\u0131\u011f\u0131 a\u00e7\u0131klamada; taraflar aras\u0131nda ortak bir taban\u0131n bulunmas\u0131 konusunda heyet ile g\u00f6r\u00fc\u015f al\u0131\u015fveri\u015finde bulundu\u011funu belirtti. De Mistura \u00e7al\u0131\u015fma \u00e7er\u00e7evesinin bu g\u00f6r\u00fc\u015fmelerde tart\u0131\u015f\u0131lan konular oldu\u011funa dikkat \u00e7ekerken, Suriye heyeti ile ter\u00f6r ve ter\u00f6r \u00f6rg\u00fctlerinin tan\u0131m\u0131 konusunu masaya yat\u0131rd\u0131klar\u0131n\u0131 belirtti.<\/p>\n<p>BM genel sekreterinin Suriye \u00f6zel temsilcisi de Mistura Suriyeliler aras\u0131ndaki diyalog g\u00f6r\u00fc\u015fmelerinden ba\u015fka hi\u00e7bir alternatif plan\u0131n bulunmad\u0131\u011f\u0131n\u0131 vurgulad\u0131.<\/p>\n<p>Suriye&#8217;de siyasi s\u00fcreci ilerletme ve krize siyasi \u00e7\u00f6z\u00fcm bulma a\u00e7\u0131s\u0131ndan Rusya ile ABD aras\u0131ndaki koordinasyonun \u00f6nemine dikkat \u00e7eken de Mistura; bu koordinasyonun devam etmesini mutlak bir \u015fekilde destekledi\u011fini ifade etti.<\/p>\n<p>https:\/\/www.youtube.com\/watch?v=GPCayTHSA2Y<\/p>\n<p>https:\/\/www.youtube.com\/watch?v=FtICrbQrEGo<\/p>\n","protected":false},"excerpt":{"rendered":"<p>CENEVRE \u2013 Cenevre&#8217;de Suriyeliler aras\u0131ndaki dolayl\u0131 diyalog g\u00f6r\u00fc\u015fmelerinde Suriye Arap Cumhuriyeti heyetinin ba\u015fkan\u0131 Be\u015f\u015far el Caferi BM genel sekreterinin Suriye \u00f6zel temsilcisi Staffan de Mistura ile BM binas\u0131nda yap\u0131lan toplant\u0131 ard\u0131ndan bas\u0131na a\u00e7\u0131klama yapt\u0131. Caferi bas\u0131n a\u00e7\u0131klamas\u0131nda Suriye heyetinin de Mistura ile \u00f6nemli temaslarda bulundu\u011funu belirtirken, Suriye ve t\u00fcm d\u00fcnya a\u00e7\u0131s\u0131ndan b\u00fcy\u00fck bir \u00f6nem ta\u015f\u0131yan &hellip;<\/p>\n","protected":false},"author":1,"featured_media":65929,"comment_status":"closed","ping_status":"closed","sticky":false,"template":"","format":"standard","meta":{"footnotes":""},"categories":[458,459,17988],"tags":[18867,19970,18472,19976,18499,19971],"class_list":["post-65829","post","type-post","status-publish","format-standard","has-post-thumbnail","","category-dunya1","category-haberler-arap-uluslararasi-politika","category-son-haberler","tag-bessar-el-caferi","tag-cenevre-gorusmeler","tag-staffan-de-mistura","tag-suriye-bu-amacla-cozum-icin-temel-faktorler-belgesini-sundu","tag-suriye-muhalefeti","tag-suriyeliler-arasindaki-diyalog-muzakereleri"],"_links":{"self":[{"href":"https:\/\/archive.sana.sy\/tr\/index.php?rest_route=\/wp\/v2\/posts\/65829","targetHints":{"allow":["GET"]}}],"collection":[{"href":"https:\/\/archive.sana.sy\/tr\/index.php?rest_route=\/wp\/v2\/posts"}],"about":[{"href":"https:\/\/archive.sana.sy\/tr\/index.php?rest_route=\/wp\/v2\/types\/post"}],"author":[{"embeddable":true,"href":"https:\/\/archive.sana.sy\/tr\/index.php?rest_route=\/wp\/v2\/users\/1"}],"replies":[{"embeddable":true,"href":"https:\/\/archive.sana.sy\/tr\/index.php?rest_route=%2Fwp%2Fv2%2Fcomments&post=65829"}],"version-history":[{"count":0,"href":"https:\/\/archive.sana.sy\/tr\/index.php?rest_route=\/wp\/v2\/posts\/65829\/revisions"}],"wp:featuredmedia":[{"embeddable":true,"href":"https:\/\/archive.sana.sy\/tr\/index.php?rest_route=\/wp\/v2\/media\/65929"}],"wp:attachment":[{"href":"https:\/\/archive.sana.sy\/tr\/index.php?rest_route=%2Fwp%2Fv2%2Fmedia&parent=65829"}],"wp:term":[{"taxonomy":"category","embeddable":true,"href":"https:\/\/archive.sana.sy\/tr\/index.php?rest_route=%2Fwp%2Fv2%2Fcategories&post=65829"},{"taxonomy":"post_tag","embeddable":true,"href":"https:\/\/archive.sana.sy\/tr\/index.php?rest_route=%2Fwp%2Fv2%2Ftags&post=65829"}],"curies":[{"name":"wp","href":"https:\/\/api.w.org\/{rel}","templated":true}]}}