{"id":6586,"date":"2014-08-06T09:33:48","date_gmt":"2014-08-06T06:33:48","guid":{"rendered":"http:\/\/www.sana.sy\/tr\/?p=6586"},"modified":"2014-08-06T09:33:48","modified_gmt":"2014-08-06T06:33:48","slug":"lubnan-ordusu-ile-teroristler-arasinda-arsal-beldesi-cevresinde-siddetli-catismalar","status":"publish","type":"post","link":"https:\/\/archive.sana.sy\/tr\/?p=6586","title":{"rendered":"L\u00fcbnan Ordusu ile Ter\u00f6ristler Aras\u0131nda Arsal Beldesi \u00c7evresinde \u015eiddetli \u00c7at\u0131\u015fmalar"},"content":{"rendered":"<p>BEYRUT \u2013 Beka\u2019n\u0131n Ersal Beldesine ba\u011fl\u0131 el Rayan Vadisi, Ayan Atta, Miheniyye \u00e7evresi ve Abu \u0130smail Mescidi\u2019nde L\u00fcbnan Ordusu ile silahl\u0131 ter\u00f6ristler aras\u0131ndaki \u015fiddetli \u00e7at\u0131\u015fmalar d\u00fcn gece yeniden alevlendi.<\/p>\n<p>L\u00fcbnan Ulusal Enformasyon Ajans\u0131, L\u00fcbnan ordusunun s\u00f6z konusu \u00e7at\u0131\u015fmalar esnas\u0131nda ter\u00f6ristlerin saflar\u0131nda a\u011f\u0131r kay\u0131plar verdirdi\u011fini ifade etti.<\/p>\n<p>L\u00fcbnanl\u0131 haber raporlar\u0131 Ersal beldesindeki s\u00f6z konusu ter\u00f6r \u00f6rg\u00fct\u00fcn\u00fcn eleba\u015flar\u0131 aras\u0131nda anla\u015fmazl\u0131klar\u0131n varl\u0131\u011f\u0131na i\u015faret etti. Raporlar eleba\u015flar\u0131n\u0131n baz\u0131lar\u0131n\u0131n ordu ile ate\u015fkesi onaylad\u0131klar\u0131n\u0131 di\u011fer baz\u0131lar\u0131n\u0131n ise \u00e7at\u0131\u015fmalar\u0131n devam etmesinde \u0131srarl\u0131 oldu\u011fu belirtildi.<\/p>\n<p>Ajans, g\u00fcvenlik g\u00fc\u00e7lerinin Tennurin Da\u011flar\u0131ndaki evlerini basmalar\u0131 ard\u0131ndan Kaide \u00f6rg\u00fct\u00fcne ba\u011fl\u0131 s\u00f6zde \u201cIrak ve \u015eam Devleti \u00f6rg\u00fct\u00fcne\u201d ba\u011fl\u0131 kimlik ve ge\u00e7i\u015flerini kolayla\u015ft\u0131racak belgelerin \u00fczerlerinde bulundu\u011fu 3 ki\u015fiyi L\u00fcbnan\u2019\u0131n kuzeydo\u011fusundaki el Betrun b\u00f6lgesinde tutuklad\u0131\u011f\u0131n\u0131 belirtti.<\/p>\n<p>&nbsp;<\/p>\n","protected":false},"excerpt":{"rendered":"<p>BEYRUT \u2013 Beka\u2019n\u0131n Ersal Beldesine ba\u011fl\u0131 el Rayan Vadisi, Ayan Atta, Miheniyye \u00e7evresi ve Abu \u0130smail Mescidi\u2019nde L\u00fcbnan Ordusu ile silahl\u0131 ter\u00f6ristler aras\u0131ndaki \u015fiddetli \u00e7at\u0131\u015fmalar d\u00fcn gece yeniden alevlendi. L\u00fcbnan Ulusal Enformasyon Ajans\u0131, L\u00fcbnan ordusunun s\u00f6z konusu \u00e7at\u0131\u015fmalar esnas\u0131nda ter\u00f6ristlerin saflar\u0131nda a\u011f\u0131r kay\u0131plar verdirdi\u011fini ifade etti. L\u00fcbnanl\u0131 haber raporlar\u0131 Ersal beldesindeki s\u00f6z konusu ter\u00f6r \u00f6rg\u00fct\u00fcn\u00fcn &hellip;<\/p>\n","protected":false},"author":1,"featured_media":6587,"comment_status":"closed","ping_status":"closed","sticky":false,"template":"","format":"standard","meta":{"footnotes":""},"categories":[458,459,447,584],"tags":[1471],"class_list":["post-6586","post","type-post","status-publish","format-standard","has-post-thumbnail","","category-dunya1","category-haberler-arap-uluslararasi-politika","category-politika","category-yurtdisinda-sana-ofisleri","tag-lubnan-ordusu-ile-teroristler-arasinda-arsal-beldesi-cevresinde-siddetli-catismalar"],"_links":{"self":[{"href":"https:\/\/archive.sana.sy\/tr\/index.php?rest_route=\/wp\/v2\/posts\/6586","targetHints":{"allow":["GET"]}}],"collection":[{"href":"https:\/\/archive.sana.sy\/tr\/index.php?rest_route=\/wp\/v2\/posts"}],"about":[{"href":"https:\/\/archive.sana.sy\/tr\/index.php?rest_route=\/wp\/v2\/types\/post"}],"author":[{"embeddable":true,"href":"https:\/\/archive.sana.sy\/tr\/index.php?rest_route=\/wp\/v2\/users\/1"}],"replies":[{"embeddable":true,"href":"https:\/\/archive.sana.sy\/tr\/index.php?rest_route=%2Fwp%2Fv2%2Fcomments&post=6586"}],"version-history":[{"count":0,"href":"https:\/\/archive.sana.sy\/tr\/index.php?rest_route=\/wp\/v2\/posts\/6586\/revisions"}],"wp:featuredmedia":[{"embeddable":true,"href":"https:\/\/archive.sana.sy\/tr\/index.php?rest_route=\/wp\/v2\/media\/6587"}],"wp:attachment":[{"href":"https:\/\/archive.sana.sy\/tr\/index.php?rest_route=%2Fwp%2Fv2%2Fmedia&parent=6586"}],"wp:term":[{"taxonomy":"category","embeddable":true,"href":"https:\/\/archive.sana.sy\/tr\/index.php?rest_route=%2Fwp%2Fv2%2Fcategories&post=6586"},{"taxonomy":"post_tag","embeddable":true,"href":"https:\/\/archive.sana.sy\/tr\/index.php?rest_route=%2Fwp%2Fv2%2Ftags&post=6586"}],"curies":[{"name":"wp","href":"https:\/\/api.w.org\/{rel}","templated":true}]}}