{"id":6589,"date":"2014-08-06T10:52:36","date_gmt":"2014-08-06T07:52:36","guid":{"rendered":"http:\/\/www.sana.sy\/tr\/?p=6589"},"modified":"2014-08-06T10:55:11","modified_gmt":"2014-08-06T07:55:11","slug":"iran-baskani-hasan-ruhani-kurd-kentinde-vatandaslara-seslendigi-konusmasinda-iranin-teror-ve-terorist-fenomeniyle-mucadelede-suriye-halkini-keza-irak-ve-lubnan-halklarini-da-destekledigini-b","status":"publish","type":"post","link":"https:\/\/archive.sana.sy\/tr\/?p=6589","title":{"rendered":"\u0130ran Ba\u015fkan\u0131 Hasan Ruhani Kurd kentinde vatanda\u015flara seslendi\u011fi konu\u015fmas\u0131nda, \u0130ran\u2019\u0131n ter\u00f6r ve ter\u00f6rist fenomeniyle m\u00fccadelede Suriye keza Irak ve L\u00fcbnan halklar\u0131n\u0131 da destekledi\u011fini belirtti."},"content":{"rendered":"<p>\u0130ran Ba\u015fkan\u0131 Hasan Ruhani Kurd kentinde vatanda\u015flara seslendi\u011fi konu\u015fmas\u0131nda, \u0130ran\u2019\u0131n ter\u00f6r ve ter\u00f6rist fenomeniyle m\u00fccadelede Suriye keza Irak ve L\u00fcbnan halklar\u0131n\u0131 da destekledi\u011fini belirtti.<\/p>\n","protected":false},"excerpt":{"rendered":"<p>\u0130ran Ba\u015fkan\u0131 Hasan Ruhani Kurd kentinde vatanda\u015flara seslendi\u011fi konu\u015fmas\u0131nda, \u0130ran\u2019\u0131n ter\u00f6r ve ter\u00f6rist fenomeniyle m\u00fccadelede Suriye keza Irak ve L\u00fcbnan halklar\u0131n\u0131 da destekledi\u011fini belirtti.<\/p>\n","protected":false},"author":1,"featured_media":0,"comment_status":"closed","ping_status":"closed","sticky":false,"template":"","format":"standard","meta":{"footnotes":""},"categories":[1],"tags":[1472,1474],"class_list":["post-6589","post","type-post","status-publish","format-standard","","category-news-not-sorted","tag-iran-baskani-hasan-ruhani-kurd-kentinde-vatandaslara-seslendigi-konusmasinda","tag-iranin-teror-ve-terorist-fenomeniyle-mucadelede-suriye-keza-irak-ve-lubnan-halklarini-da-destekledigini-belirtti"],"_links":{"self":[{"href":"https:\/\/archive.sana.sy\/tr\/index.php?rest_route=\/wp\/v2\/posts\/6589","targetHints":{"allow":["GET"]}}],"collection":[{"href":"https:\/\/archive.sana.sy\/tr\/index.php?rest_route=\/wp\/v2\/posts"}],"about":[{"href":"https:\/\/archive.sana.sy\/tr\/index.php?rest_route=\/wp\/v2\/types\/post"}],"author":[{"embeddable":true,"href":"https:\/\/archive.sana.sy\/tr\/index.php?rest_route=\/wp\/v2\/users\/1"}],"replies":[{"embeddable":true,"href":"https:\/\/archive.sana.sy\/tr\/index.php?rest_route=%2Fwp%2Fv2%2Fcomments&post=6589"}],"version-history":[{"count":0,"href":"https:\/\/archive.sana.sy\/tr\/index.php?rest_route=\/wp\/v2\/posts\/6589\/revisions"}],"wp:attachment":[{"href":"https:\/\/archive.sana.sy\/tr\/index.php?rest_route=%2Fwp%2Fv2%2Fmedia&parent=6589"}],"wp:term":[{"taxonomy":"category","embeddable":true,"href":"https:\/\/archive.sana.sy\/tr\/index.php?rest_route=%2Fwp%2Fv2%2Fcategories&post=6589"},{"taxonomy":"post_tag","embeddable":true,"href":"https:\/\/archive.sana.sy\/tr\/index.php?rest_route=%2Fwp%2Fv2%2Ftags&post=6589"}],"curies":[{"name":"wp","href":"https:\/\/api.w.org\/{rel}","templated":true}]}}