{"id":65890,"date":"2016-03-21T19:00:01","date_gmt":"2016-03-21T17:00:01","guid":{"rendered":"http:\/\/sana.sy\/tr\/?p=65890"},"modified":"2016-03-22T16:55:03","modified_gmt":"2016-03-22T14:55:03","slug":"agir-silahlarla-donatilmis-araclari-cephaneleri-ve-toplanma-yerleri-imha-edildi-2","status":"publish","type":"post","link":"https:\/\/archive.sana.sy\/tr\/?p=65890","title":{"rendered":"A\u011f\u0131r Silahlarla Donat\u0131lm\u0131\u015f Ara\u00e7lar\u0131, Cephaneleri ve Toplanma Yerleri \u0130mha Edildi"},"content":{"rendered":"<p>\u0130LLER \u2013 Ordu birliklerimiz bug\u00fcnk\u00fc operasyonlar\u0131nda tekfirci ve vatan haini ter\u00f6r \u00e7etelere kar\u015f\u0131 yeni ba\u015far\u0131lara imza atarken a\u011f\u0131r silahlar\u0131, ara\u00e7lar\u0131 ve say\u0131lar\u0131yla onlar\u0131 a\u011f\u0131r kay\u0131plara u\u011fratmaya devam etti.<\/p>\n<p><span style=\"color: #0000ff\">HOMS:<\/span><\/p>\n<p>Askeri Kaynak SANA\u2019ya a\u00e7\u0131klamas\u0131nda; hava g\u00fc\u00e7lerimizin Homs k\u0131rsal\u0131n\u0131n do\u011fusu Tedmur ve Karyeteyn kentlerin civarlar\u0131nda I\u015e\u0130D ter\u00f6r \u00f6rg\u00fct\u00fcne tabi siper ve toplanma yerlerine y\u00f6nelik hava operasyonlar\u0131 ger\u00e7ekle\u015ftirdiklerini ifade etti. Kaynak; operasyonlarda \u00e7ok say\u0131da ter\u00f6ristin \u00f6l\u00fc ve yaral\u0131 d\u00fc\u015f\u00fcr\u00fcl\u00fcp komuta karargah\u0131n yan\u0131 s\u0131ra bir k\u0131sm\u0131 a\u011f\u0131r makineli silahlarla donat\u0131lm\u0131\u015f ara\u00e7lar\u0131n\u0131n y\u00fckleriyle birlikte imha edildi\u011fine dikkat \u00e7ekti.<\/p>\n<p>Ak\u015fam saatlerinde SANA\u2019ya a\u00e7\u0131klama yapan askeri kaynak Homs k\u0131rsal\u0131n\u0131n g\u00fcneydo\u011fusu Mhin \u2013 Karyeteyn ekseninde tekfirci ter\u00f6ristlere kar\u015f\u0131 operasyonlar\u0131n\u0131 ba\u015far\u0131yla s\u00fcrd\u00fcren ordu birliklerimizin Tlul el Sud y\u00f6n\u00fcnde 875 Noktas\u0131n\u0131n yan\u0131 s\u0131ra Rmeyli Da\u011f\u0131 y\u00f6n\u00fcnde 908.8, 901 ve 6.893 noktalar\u0131yla birlikte Tabba y\u00f6n\u00fcnde de 856 ve 866 noktalar\u0131n\u0131 ter\u00f6rden temizleyip kontrollerine ge\u00e7irdiklerini aktard\u0131\u200f.<\/p>\n<p><span style=\"color: #0000ff\">S\u00dcVEYDA:<\/span><\/p>\n<p>\u00d6te yandan saha kaynaklar\u0131 SANA muhabirine a\u00e7\u0131klamalar\u0131nda; S\u00fcveyda k\u0131rsal\u0131n\u0131n kuzeydo\u011fusu Tel E\u015fhayip B\u00f6lgesinde ordu birliklerimizin Halk Savunma G\u00fc\u00e7leriyle i\u015fbirli\u011fi i\u00e7inde I\u015e\u0130D\u2019in toplanma merkezini yo\u011fun ate\u015fe tutmalar\u0131yla bir havan rampas\u0131na ilaveten bir dozer ve ekibini tamam\u0131yla yok ettiklerini belirtti.<\/p>\n","protected":false},"excerpt":{"rendered":"<p>\u0130LLER \u2013 Ordu birliklerimiz bug\u00fcnk\u00fc operasyonlar\u0131nda tekfirci ve vatan haini ter\u00f6r \u00e7etelere kar\u015f\u0131 yeni ba\u015far\u0131lara imza atarken a\u011f\u0131r silahlar\u0131, ara\u00e7lar\u0131 ve say\u0131lar\u0131yla onlar\u0131 a\u011f\u0131r kay\u0131plara u\u011fratmaya devam etti. HOMS: Askeri Kaynak SANA\u2019ya a\u00e7\u0131klamas\u0131nda; hava g\u00fc\u00e7lerimizin Homs k\u0131rsal\u0131n\u0131n do\u011fusu Tedmur ve Karyeteyn kentlerin civarlar\u0131nda I\u015e\u0130D ter\u00f6r \u00f6rg\u00fct\u00fcne tabi siper ve toplanma yerlerine y\u00f6nelik hava operasyonlar\u0131 ger\u00e7ekle\u015ftirdiklerini &hellip;<\/p>\n","protected":false},"author":1,"featured_media":65891,"comment_status":"closed","ping_status":"closed","sticky":false,"template":"","format":"standard","meta":{"footnotes":""},"categories":[575],"tags":[16704,19972],"class_list":["post-65890","post","type-post","status-publish","format-standard","has-post-thumbnail","","category-olaylar-ve-gercekler","tag-agir-silahlarla-donatilmis-araclari","tag-cephaneleri-ve-toplanma-yerleri-imha-edildi"],"_links":{"self":[{"href":"https:\/\/archive.sana.sy\/tr\/index.php?rest_route=\/wp\/v2\/posts\/65890","targetHints":{"allow":["GET"]}}],"collection":[{"href":"https:\/\/archive.sana.sy\/tr\/index.php?rest_route=\/wp\/v2\/posts"}],"about":[{"href":"https:\/\/archive.sana.sy\/tr\/index.php?rest_route=\/wp\/v2\/types\/post"}],"author":[{"embeddable":true,"href":"https:\/\/archive.sana.sy\/tr\/index.php?rest_route=\/wp\/v2\/users\/1"}],"replies":[{"embeddable":true,"href":"https:\/\/archive.sana.sy\/tr\/index.php?rest_route=%2Fwp%2Fv2%2Fcomments&post=65890"}],"version-history":[{"count":0,"href":"https:\/\/archive.sana.sy\/tr\/index.php?rest_route=\/wp\/v2\/posts\/65890\/revisions"}],"wp:featuredmedia":[{"embeddable":true,"href":"https:\/\/archive.sana.sy\/tr\/index.php?rest_route=\/wp\/v2\/media\/65891"}],"wp:attachment":[{"href":"https:\/\/archive.sana.sy\/tr\/index.php?rest_route=%2Fwp%2Fv2%2Fmedia&parent=65890"}],"wp:term":[{"taxonomy":"category","embeddable":true,"href":"https:\/\/archive.sana.sy\/tr\/index.php?rest_route=%2Fwp%2Fv2%2Fcategories&post=65890"},{"taxonomy":"post_tag","embeddable":true,"href":"https:\/\/archive.sana.sy\/tr\/index.php?rest_route=%2Fwp%2Fv2%2Ftags&post=65890"}],"curies":[{"name":"wp","href":"https:\/\/api.w.org\/{rel}","templated":true}]}}