{"id":65893,"date":"2016-03-21T11:26:55","date_gmt":"2016-03-21T09:26:55","guid":{"rendered":"http:\/\/sana.sy\/tr\/?p=65893"},"modified":"2016-03-22T15:45:35","modified_gmt":"2016-03-22T13:45:35","slug":"tum-kararlar-bunu-net-bir-sekilde-vurguluyor","status":"publish","type":"post","link":"https:\/\/archive.sana.sy\/tr\/?p=65893","title":{"rendered":"T\u00fcm Kararlar Bunu Net Bir \u015eekilde Vurguluyor"},"content":{"rendered":"<p>MOSKOVA \u2013 Rusya Ba\u015fkan\u0131n\u0131n Ortado\u011fu ve Kuzey Afrika \u00f6zel temsilcisi ve D\u0131\u015fi\u015fleri Bakan\u0131 Yard\u0131mc\u0131s\u0131 Mikhail Bogdanov; Cenevre&#8217;de Suriyeliler aras\u0131nda yap\u0131lan diyalog g\u00f6r\u00fc\u015fmelerinin \u00f6nemine vurgu yaparken, bu g\u00f6r\u00fc\u015fmelerin aksamas\u0131na yol a\u00e7abilecek t\u00fcm engellerin kald\u0131r\u0131lmas\u0131 \u00e7a\u011fr\u0131s\u0131nda bulundu.<\/p>\n<p>Bogdanov SANA\u2019n\u0131n Moskova muhabiri ile m\u00fclakat\u0131nda Cenevre&#8217;de Suriyeliler aras\u0131ndaki diyalog g\u00f6r\u00fc\u015fmelerinde t\u00fcm muhalif ak\u0131mlar\u0131n etkin bir \u015fekilde temsil edilmeleri \u00f6nemini bir kez daha vurgulad\u0131.<\/p>\n<p>Rusya&#8217;n\u0131n 13 Nisan tarihinde Suriye&#8217;de yap\u0131lacak Halk Meclisi se\u00e7imleri konusundaki tutumunu bir kez daha ifade eden Bogdanov; se\u00e7imlerin mevcut anayasa kapsam\u0131nda yap\u0131ld\u0131\u011f\u0131n\u0131, bu meselenin de tamamen anayasa ve kanunlara uygun \u015fekilde hareket eden Suriye y\u00f6netiminin meselesi oldu\u011funu belirtti.<\/p>\n<p>Rusya&#8217;n\u0131n Suriye&#8217;nin toprak b\u00fct\u00fcnl\u00fc\u011f\u00fc ve selametini destekledi\u011fini ifade eden Bogdanov; uluslar aras\u0131 kanunlar, BM misak\u0131 ve Suriye&#8217;deki krizin \u00e7\u00f6z\u00fcm\u00fc konusunda al\u0131nan t\u00fcm kararlar\u0131n da Suriye&#8217;nin toprak b\u00fct\u00fcnl\u00fc\u011f\u00fc ve selametinin korunmas\u0131 gere\u011fini net bir \u015fekilde ifade ettiklerinin alt\u0131n\u0131 \u00e7izdi.<\/p>\n","protected":false},"excerpt":{"rendered":"<p>MOSKOVA \u2013 Rusya Ba\u015fkan\u0131n\u0131n Ortado\u011fu ve Kuzey Afrika \u00f6zel temsilcisi ve D\u0131\u015fi\u015fleri Bakan\u0131 Yard\u0131mc\u0131s\u0131 Mikhail Bogdanov; Cenevre&#8217;de Suriyeliler aras\u0131nda yap\u0131lan diyalog g\u00f6r\u00fc\u015fmelerinin \u00f6nemine vurgu yaparken, bu g\u00f6r\u00fc\u015fmelerin aksamas\u0131na yol a\u00e7abilecek t\u00fcm engellerin kald\u0131r\u0131lmas\u0131 \u00e7a\u011fr\u0131s\u0131nda bulundu. Bogdanov SANA\u2019n\u0131n Moskova muhabiri ile m\u00fclakat\u0131nda Cenevre&#8217;de Suriyeliler aras\u0131ndaki diyalog g\u00f6r\u00fc\u015fmelerinde t\u00fcm muhalif ak\u0131mlar\u0131n etkin bir \u015fekilde temsil edilmeleri \u00f6nemini &hellip;<\/p>\n","protected":false},"author":1,"featured_media":46958,"comment_status":"closed","ping_status":"closed","sticky":false,"template":"","format":"standard","meta":{"footnotes":""},"categories":[458,459,17988],"tags":[19974,19975,19973],"class_list":["post-65893","post","type-post","status-publish","format-standard","has-post-thumbnail","","category-dunya1","category-haberler-arap-uluslararasi-politika","category-son-haberler","tag-diyalog-gorusmelerinin-onemi","tag-rusya-baskaninin-ortadogu-ve-kuzey-afrika-ozel-temsilcisi","tag-tum-kararlar-bunu-net-bir-sekilde-vurguluyor"],"_links":{"self":[{"href":"https:\/\/archive.sana.sy\/tr\/index.php?rest_route=\/wp\/v2\/posts\/65893","targetHints":{"allow":["GET"]}}],"collection":[{"href":"https:\/\/archive.sana.sy\/tr\/index.php?rest_route=\/wp\/v2\/posts"}],"about":[{"href":"https:\/\/archive.sana.sy\/tr\/index.php?rest_route=\/wp\/v2\/types\/post"}],"author":[{"embeddable":true,"href":"https:\/\/archive.sana.sy\/tr\/index.php?rest_route=\/wp\/v2\/users\/1"}],"replies":[{"embeddable":true,"href":"https:\/\/archive.sana.sy\/tr\/index.php?rest_route=%2Fwp%2Fv2%2Fcomments&post=65893"}],"version-history":[{"count":0,"href":"https:\/\/archive.sana.sy\/tr\/index.php?rest_route=\/wp\/v2\/posts\/65893\/revisions"}],"wp:featuredmedia":[{"embeddable":true,"href":"https:\/\/archive.sana.sy\/tr\/index.php?rest_route=\/wp\/v2\/media\/46958"}],"wp:attachment":[{"href":"https:\/\/archive.sana.sy\/tr\/index.php?rest_route=%2Fwp%2Fv2%2Fmedia&parent=65893"}],"wp:term":[{"taxonomy":"category","embeddable":true,"href":"https:\/\/archive.sana.sy\/tr\/index.php?rest_route=%2Fwp%2Fv2%2Fcategories&post=65893"},{"taxonomy":"post_tag","embeddable":true,"href":"https:\/\/archive.sana.sy\/tr\/index.php?rest_route=%2Fwp%2Fv2%2Ftags&post=65893"}],"curies":[{"name":"wp","href":"https:\/\/api.w.org\/{rel}","templated":true}]}}