{"id":65896,"date":"2016-03-21T18:50:05","date_gmt":"2016-03-21T16:50:05","guid":{"rendered":"http:\/\/sana.sy\/tr\/?p=65896"},"modified":"2016-03-21T18:48:49","modified_gmt":"2016-03-21T16:48:49","slug":"caferi-basin-aciklamasinda-suriye-heyetinin-de-mistura-ile-onemli-temaslarda-bulundugunu-belirtirken-suriye-ve-tum-dunya-acisindan-buyuk-bir-onem-tasiyan-terorle-mucadele-gibi-oncelikli-meseleleri-de","status":"publish","type":"post","link":"https:\/\/archive.sana.sy\/tr\/?p=65896","title":{"rendered":"Caferi bas\u0131n a\u00e7\u0131klamas\u0131nda Suriye heyetinin de Mistura ile \u00f6nemli temaslarda bulundu\u011funu belirtirken, Suriye ve t\u00fcm d\u00fcnya a\u00e7\u0131s\u0131ndan b\u00fcy\u00fck bir \u00f6nem ta\u015f\u0131yan ter\u00f6rle m\u00fccadele gibi \u00f6ncelikli meseleleri derin bir \u015fekilde ele ald\u0131klar\u0131n\u0131 belirtti"},"content":{"rendered":"<p>Caferi bas\u0131n a\u00e7\u0131klamas\u0131nda Suriye heyetinin de Mistura ile \u00f6nemli temaslarda bulundu\u011funu belirtirken, Suriye ve t\u00fcm d\u00fcnya a\u00e7\u0131s\u0131ndan b\u00fcy\u00fck bir \u00f6nem ta\u015f\u0131yan ter\u00f6rle m\u00fccadele gibi \u00f6ncelikli meseleleri derin bir \u015fekilde ele ald\u0131klar\u0131n\u0131 belirtti<\/p>\n","protected":false},"excerpt":{"rendered":"<p>Caferi bas\u0131n a\u00e7\u0131klamas\u0131nda Suriye heyetinin de Mistura ile \u00f6nemli temaslarda bulundu\u011funu belirtirken, Suriye ve t\u00fcm d\u00fcnya a\u00e7\u0131s\u0131ndan b\u00fcy\u00fck bir \u00f6nem ta\u015f\u0131yan ter\u00f6rle m\u00fccadele gibi \u00f6ncelikli meseleleri derin bir \u015fekilde ele ald\u0131klar\u0131n\u0131 belirtti<\/p>\n","protected":false},"author":1,"featured_media":0,"comment_status":"closed","ping_status":"closed","sticky":false,"template":"","format":"standard","meta":{"footnotes":""},"categories":[17991],"tags":[],"class_list":["post-65896","post","type-post","status-publish","format-standard","","category-son-dakika"],"_links":{"self":[{"href":"https:\/\/archive.sana.sy\/tr\/index.php?rest_route=\/wp\/v2\/posts\/65896","targetHints":{"allow":["GET"]}}],"collection":[{"href":"https:\/\/archive.sana.sy\/tr\/index.php?rest_route=\/wp\/v2\/posts"}],"about":[{"href":"https:\/\/archive.sana.sy\/tr\/index.php?rest_route=\/wp\/v2\/types\/post"}],"author":[{"embeddable":true,"href":"https:\/\/archive.sana.sy\/tr\/index.php?rest_route=\/wp\/v2\/users\/1"}],"replies":[{"embeddable":true,"href":"https:\/\/archive.sana.sy\/tr\/index.php?rest_route=%2Fwp%2Fv2%2Fcomments&post=65896"}],"version-history":[{"count":0,"href":"https:\/\/archive.sana.sy\/tr\/index.php?rest_route=\/wp\/v2\/posts\/65896\/revisions"}],"wp:attachment":[{"href":"https:\/\/archive.sana.sy\/tr\/index.php?rest_route=%2Fwp%2Fv2%2Fmedia&parent=65896"}],"wp:term":[{"taxonomy":"category","embeddable":true,"href":"https:\/\/archive.sana.sy\/tr\/index.php?rest_route=%2Fwp%2Fv2%2Fcategories&post=65896"},{"taxonomy":"post_tag","embeddable":true,"href":"https:\/\/archive.sana.sy\/tr\/index.php?rest_route=%2Fwp%2Fv2%2Ftags&post=65896"}],"curies":[{"name":"wp","href":"https:\/\/api.w.org\/{rel}","templated":true}]}}