{"id":65910,"date":"2016-03-21T19:15:55","date_gmt":"2016-03-21T17:15:55","guid":{"rendered":"http:\/\/sana.sy\/tr\/?p=65910"},"modified":"2016-03-21T19:05:23","modified_gmt":"2016-03-21T17:05:23","slug":"de-misturaya-vahhabilikte-temsil-olan-radikal-ve-tekfirci-ideoloji-kaynaginin-tehlikesini-acikladiklarini-belirten-caferi-kaide-ideolojisinin-temelini-teskil-eden-bu-ideolojinin-tum-dunya-ve","status":"publish","type":"post","link":"https:\/\/archive.sana.sy\/tr\/?p=65910","title":{"rendered":"De Mistura\u2019ya Vahhabilikte temsil olan radikal ve tekfirci ideoloji kayna\u011f\u0131n\u0131n tehlikesini a\u00e7\u0131klad\u0131klar\u0131n\u0131 belirten Caferi; Kaide ideolojisinin temelini te\u015fkil eden bu ideolojinin t\u00fcm d\u00fcnya ve halklar\u0131na kar\u015f\u0131 ciddi bir tehlike te\u015fkil etti\u011fini vurgulad\u0131klar\u0131n\u0131 belirtti"},"content":{"rendered":"<p>De Mistura\u2019ya Vahhabilikte temsil olan radikal ve tekfirci ideoloji kayna\u011f\u0131n\u0131n tehlikesini a\u00e7\u0131klad\u0131klar\u0131n\u0131 belirten Caferi; Kaide ideolojisinin temelini te\u015fkil eden bu ideolojinin t\u00fcm d\u00fcnya ve halklar\u0131na kar\u015f\u0131 ciddi bir tehlike te\u015fkil etti\u011fini vurgulad\u0131klar\u0131n\u0131 belirtti<\/p>\n","protected":false},"excerpt":{"rendered":"<p>De Mistura\u2019ya Vahhabilikte temsil olan radikal ve tekfirci ideoloji kayna\u011f\u0131n\u0131n tehlikesini a\u00e7\u0131klad\u0131klar\u0131n\u0131 belirten Caferi; Kaide ideolojisinin temelini te\u015fkil eden bu ideolojinin t\u00fcm d\u00fcnya ve halklar\u0131na kar\u015f\u0131 ciddi bir tehlike te\u015fkil etti\u011fini vurgulad\u0131klar\u0131n\u0131 belirtti<\/p>\n","protected":false},"author":1,"featured_media":0,"comment_status":"closed","ping_status":"closed","sticky":false,"template":"","format":"standard","meta":{"footnotes":""},"categories":[17991],"tags":[],"class_list":["post-65910","post","type-post","status-publish","format-standard","","category-son-dakika"],"_links":{"self":[{"href":"https:\/\/archive.sana.sy\/tr\/index.php?rest_route=\/wp\/v2\/posts\/65910","targetHints":{"allow":["GET"]}}],"collection":[{"href":"https:\/\/archive.sana.sy\/tr\/index.php?rest_route=\/wp\/v2\/posts"}],"about":[{"href":"https:\/\/archive.sana.sy\/tr\/index.php?rest_route=\/wp\/v2\/types\/post"}],"author":[{"embeddable":true,"href":"https:\/\/archive.sana.sy\/tr\/index.php?rest_route=\/wp\/v2\/users\/1"}],"replies":[{"embeddable":true,"href":"https:\/\/archive.sana.sy\/tr\/index.php?rest_route=%2Fwp%2Fv2%2Fcomments&post=65910"}],"version-history":[{"count":0,"href":"https:\/\/archive.sana.sy\/tr\/index.php?rest_route=\/wp\/v2\/posts\/65910\/revisions"}],"wp:attachment":[{"href":"https:\/\/archive.sana.sy\/tr\/index.php?rest_route=%2Fwp%2Fv2%2Fmedia&parent=65910"}],"wp:term":[{"taxonomy":"category","embeddable":true,"href":"https:\/\/archive.sana.sy\/tr\/index.php?rest_route=%2Fwp%2Fv2%2Fcategories&post=65910"},{"taxonomy":"post_tag","embeddable":true,"href":"https:\/\/archive.sana.sy\/tr\/index.php?rest_route=%2Fwp%2Fv2%2Ftags&post=65910"}],"curies":[{"name":"wp","href":"https:\/\/api.w.org\/{rel}","templated":true}]}}