{"id":65912,"date":"2016-03-21T19:20:10","date_gmt":"2016-03-21T17:20:10","guid":{"rendered":"http:\/\/sana.sy\/tr\/?p=65912"},"modified":"2016-03-21T19:06:32","modified_gmt":"2016-03-21T17:06:32","slug":"caferi-suriye-heyetinin-bir-onceki-oturumda-de-misturaya-krizin-siyasi-cozum-temelleri-belgesi-adi-altinda-takdim-ettigi-belgeye-iliskin-diger-taraflardan-herhangi-bir-cevap","status":"publish","type":"post","link":"https:\/\/archive.sana.sy\/tr\/?p=65912","title":{"rendered":"Caferi Suriye heyetinin bir \u00f6nceki oturumda de Mistura\u2019ya \u2018Krizin siyasi \u00e7\u00f6z\u00fcm temelleri\u2019 belgesi ad\u0131 alt\u0131nda takdim etti\u011fi belgeye ili\u015fkin di\u011fer taraflardan herhangi bir cevap almad\u0131\u011f\u0131n\u0131 ifade ederken, de Mistura\u2019n\u0131n \u00f6n\u00fcm\u00fczdeki \u00c7ar\u015famba ya da Per\u015fembe g\u00fcn\u00fc cevap aktarma vaadinde bulundu\u011funu a\u00e7\u0131klad\u0131\u200f"},"content":{"rendered":"<p>Caferi Suriye heyetinin bir \u00f6nceki oturumda de Mistura\u2019ya \u2018Krizin siyasi \u00e7\u00f6z\u00fcm temelleri\u2019 belgesi ad\u0131 alt\u0131nda takdim etti\u011fi belgeye ili\u015fkin di\u011fer taraflardan herhangi bir cevap almad\u0131\u011f\u0131n\u0131 ifade ederken, de Mistura\u2019n\u0131n \u00f6n\u00fcm\u00fczdeki \u00c7ar\u015famba ya da Per\u015fembe g\u00fcn\u00fc cevap aktarma vaadinde bulundu\u011funu a\u00e7\u0131klad\u0131\u200f<\/p>\n","protected":false},"excerpt":{"rendered":"<p>Caferi Suriye heyetinin bir \u00f6nceki oturumda de Mistura\u2019ya \u2018Krizin siyasi \u00e7\u00f6z\u00fcm temelleri\u2019 belgesi ad\u0131 alt\u0131nda takdim etti\u011fi belgeye ili\u015fkin di\u011fer taraflardan herhangi bir cevap almad\u0131\u011f\u0131n\u0131 ifade ederken, de Mistura\u2019n\u0131n \u00f6n\u00fcm\u00fczdeki \u00c7ar\u015famba ya da Per\u015fembe g\u00fcn\u00fc cevap aktarma vaadinde bulundu\u011funu a\u00e7\u0131klad\u0131\u200f<\/p>\n","protected":false},"author":1,"featured_media":0,"comment_status":"closed","ping_status":"closed","sticky":false,"template":"","format":"standard","meta":{"footnotes":""},"categories":[17991],"tags":[],"class_list":["post-65912","post","type-post","status-publish","format-standard","","category-son-dakika"],"_links":{"self":[{"href":"https:\/\/archive.sana.sy\/tr\/index.php?rest_route=\/wp\/v2\/posts\/65912","targetHints":{"allow":["GET"]}}],"collection":[{"href":"https:\/\/archive.sana.sy\/tr\/index.php?rest_route=\/wp\/v2\/posts"}],"about":[{"href":"https:\/\/archive.sana.sy\/tr\/index.php?rest_route=\/wp\/v2\/types\/post"}],"author":[{"embeddable":true,"href":"https:\/\/archive.sana.sy\/tr\/index.php?rest_route=\/wp\/v2\/users\/1"}],"replies":[{"embeddable":true,"href":"https:\/\/archive.sana.sy\/tr\/index.php?rest_route=%2Fwp%2Fv2%2Fcomments&post=65912"}],"version-history":[{"count":0,"href":"https:\/\/archive.sana.sy\/tr\/index.php?rest_route=\/wp\/v2\/posts\/65912\/revisions"}],"wp:attachment":[{"href":"https:\/\/archive.sana.sy\/tr\/index.php?rest_route=%2Fwp%2Fv2%2Fmedia&parent=65912"}],"wp:term":[{"taxonomy":"category","embeddable":true,"href":"https:\/\/archive.sana.sy\/tr\/index.php?rest_route=%2Fwp%2Fv2%2Fcategories&post=65912"},{"taxonomy":"post_tag","embeddable":true,"href":"https:\/\/archive.sana.sy\/tr\/index.php?rest_route=%2Fwp%2Fv2%2Ftags&post=65912"}],"curies":[{"name":"wp","href":"https:\/\/api.w.org\/{rel}","templated":true}]}}