{"id":65921,"date":"2016-03-21T19:40:19","date_gmt":"2016-03-21T17:40:19","guid":{"rendered":"http:\/\/sana.sy\/tr\/?p=65921"},"modified":"2016-03-21T19:17:20","modified_gmt":"2016-03-21T17:17:20","slug":"suriye-arap-cumhuriyeti-heyetinin-su-ana-dek-diyalog-gorusmelerinde-muhalefet-heyetini-kimlerin-temsil-ettigini-kimin-uzman-yada-kimin-danisman-oldugunu-bilmedigine-dikkat-ceken-caferi-bunun-da-diya","status":"publish","type":"post","link":"https:\/\/archive.sana.sy\/tr\/?p=65921","title":{"rendered":"Suriye Arap Cumhuriyeti heyetinin \u015fu ana dek diyalog g\u00f6r\u00fc\u015fmelerinde muhalefet heyetini kimlerin temsil etti\u011fini, kimin uzman yada kimin dan\u0131\u015fman oldu\u011funu bilmedi\u011fine dikkat \u00e7eken Caferi; bunun da diyalog \u00f6n\u00fcnde b\u00fcy\u00fck bir engel oldu\u011funu ifade etti\u200f"},"content":{"rendered":"<p>Suriye Arap Cumhuriyeti heyetinin \u015fu ana dek diyalog g\u00f6r\u00fc\u015fmelerinde muhalefet heyetini kimlerin temsil etti\u011fini, kimin uzman yada kimin dan\u0131\u015fman oldu\u011funu bilmedi\u011fine dikkat \u00e7eken Caferi; bunun da diyalog \u00f6n\u00fcnde b\u00fcy\u00fck bir engel oldu\u011funu ifade etti\u200f<\/p>\n","protected":false},"excerpt":{"rendered":"<p>Suriye Arap Cumhuriyeti heyetinin \u015fu ana dek diyalog g\u00f6r\u00fc\u015fmelerinde muhalefet heyetini kimlerin temsil etti\u011fini, kimin uzman yada kimin dan\u0131\u015fman oldu\u011funu bilmedi\u011fine dikkat \u00e7eken Caferi; bunun da diyalog \u00f6n\u00fcnde b\u00fcy\u00fck bir engel oldu\u011funu ifade etti\u200f<\/p>\n","protected":false},"author":1,"featured_media":0,"comment_status":"closed","ping_status":"closed","sticky":false,"template":"","format":"standard","meta":{"footnotes":""},"categories":[17991],"tags":[],"class_list":["post-65921","post","type-post","status-publish","format-standard","","category-son-dakika"],"_links":{"self":[{"href":"https:\/\/archive.sana.sy\/tr\/index.php?rest_route=\/wp\/v2\/posts\/65921","targetHints":{"allow":["GET"]}}],"collection":[{"href":"https:\/\/archive.sana.sy\/tr\/index.php?rest_route=\/wp\/v2\/posts"}],"about":[{"href":"https:\/\/archive.sana.sy\/tr\/index.php?rest_route=\/wp\/v2\/types\/post"}],"author":[{"embeddable":true,"href":"https:\/\/archive.sana.sy\/tr\/index.php?rest_route=\/wp\/v2\/users\/1"}],"replies":[{"embeddable":true,"href":"https:\/\/archive.sana.sy\/tr\/index.php?rest_route=%2Fwp%2Fv2%2Fcomments&post=65921"}],"version-history":[{"count":0,"href":"https:\/\/archive.sana.sy\/tr\/index.php?rest_route=\/wp\/v2\/posts\/65921\/revisions"}],"wp:attachment":[{"href":"https:\/\/archive.sana.sy\/tr\/index.php?rest_route=%2Fwp%2Fv2%2Fmedia&parent=65921"}],"wp:term":[{"taxonomy":"category","embeddable":true,"href":"https:\/\/archive.sana.sy\/tr\/index.php?rest_route=%2Fwp%2Fv2%2Fcategories&post=65921"},{"taxonomy":"post_tag","embeddable":true,"href":"https:\/\/archive.sana.sy\/tr\/index.php?rest_route=%2Fwp%2Fv2%2Ftags&post=65921"}],"curies":[{"name":"wp","href":"https:\/\/api.w.org\/{rel}","templated":true}]}}