{"id":65923,"date":"2016-03-21T19:45:03","date_gmt":"2016-03-21T17:45:03","guid":{"rendered":"http:\/\/sana.sy\/tr\/?p=65923"},"modified":"2016-03-21T19:23:17","modified_gmt":"2016-03-21T17:23:17","slug":"caferi-suriyenin-halkinin-yasadigi-acilara-son-verecek-ve-krize-siyasi-cozumun-saglanmasina-katki-saglayacak-etkin-ve-ciddi-bir-diyalog-idealinde-oldugunu-ifade-ederken-suriye-heyetinin-de-bu-yond","status":"publish","type":"post","link":"https:\/\/archive.sana.sy\/tr\/?p=65923","title":{"rendered":"Caferi Suriye&#8217;nin, halk\u0131n\u0131n ya\u015fad\u0131\u011f\u0131 ac\u0131lara son verecek ve krize siyasi \u00e7\u00f6z\u00fcm\u00fcn sa\u011flanmas\u0131na katk\u0131 sa\u011flayacak etkin ve ciddi bir diyalog idealinde oldu\u011funu ifade ederken, Suriye heyetinin de bu y\u00f6nde ve bu ama\u00e7la ba\u015ftan beri \u00e7\u00f6z\u00fcm i\u00e7in temel fakt\u00f6rler belgesi sundu\u011funu vurgulad\u0131"},"content":{"rendered":"<p>Caferi Suriye&#8217;nin, halk\u0131n\u0131n ya\u015fad\u0131\u011f\u0131 ac\u0131lara son verecek ve krize siyasi \u00e7\u00f6z\u00fcm\u00fcn sa\u011flanmas\u0131na katk\u0131 sa\u011flayacak etkin ve ciddi bir diyalog idealinde oldu\u011funu ifade ederken, Suriye heyetinin de bu y\u00f6nde ve bu ama\u00e7la ba\u015ftan beri \u00e7\u00f6z\u00fcm i\u00e7in temel fakt\u00f6rler belgesi sundu\u011funu vurgulad\u0131<\/p>\n","protected":false},"excerpt":{"rendered":"<p>Caferi Suriye&#8217;nin, halk\u0131n\u0131n ya\u015fad\u0131\u011f\u0131 ac\u0131lara son verecek ve krize siyasi \u00e7\u00f6z\u00fcm\u00fcn sa\u011flanmas\u0131na katk\u0131 sa\u011flayacak etkin ve ciddi bir diyalog idealinde oldu\u011funu ifade ederken, Suriye heyetinin de bu y\u00f6nde ve bu ama\u00e7la ba\u015ftan beri \u00e7\u00f6z\u00fcm i\u00e7in temel fakt\u00f6rler belgesi sundu\u011funu vurgulad\u0131<\/p>\n","protected":false},"author":1,"featured_media":0,"comment_status":"closed","ping_status":"closed","sticky":false,"template":"","format":"standard","meta":{"footnotes":""},"categories":[17991],"tags":[],"class_list":["post-65923","post","type-post","status-publish","format-standard","","category-son-dakika"],"_links":{"self":[{"href":"https:\/\/archive.sana.sy\/tr\/index.php?rest_route=\/wp\/v2\/posts\/65923","targetHints":{"allow":["GET"]}}],"collection":[{"href":"https:\/\/archive.sana.sy\/tr\/index.php?rest_route=\/wp\/v2\/posts"}],"about":[{"href":"https:\/\/archive.sana.sy\/tr\/index.php?rest_route=\/wp\/v2\/types\/post"}],"author":[{"embeddable":true,"href":"https:\/\/archive.sana.sy\/tr\/index.php?rest_route=\/wp\/v2\/users\/1"}],"replies":[{"embeddable":true,"href":"https:\/\/archive.sana.sy\/tr\/index.php?rest_route=%2Fwp%2Fv2%2Fcomments&post=65923"}],"version-history":[{"count":0,"href":"https:\/\/archive.sana.sy\/tr\/index.php?rest_route=\/wp\/v2\/posts\/65923\/revisions"}],"wp:attachment":[{"href":"https:\/\/archive.sana.sy\/tr\/index.php?rest_route=%2Fwp%2Fv2%2Fmedia&parent=65923"}],"wp:term":[{"taxonomy":"category","embeddable":true,"href":"https:\/\/archive.sana.sy\/tr\/index.php?rest_route=%2Fwp%2Fv2%2Fcategories&post=65923"},{"taxonomy":"post_tag","embeddable":true,"href":"https:\/\/archive.sana.sy\/tr\/index.php?rest_route=%2Fwp%2Fv2%2Ftags&post=65923"}],"curies":[{"name":"wp","href":"https:\/\/api.w.org\/{rel}","templated":true}]}}