{"id":6593,"date":"2014-08-06T11:03:47","date_gmt":"2014-08-06T08:03:47","guid":{"rendered":"http:\/\/www.sana.sy\/tr\/?p=6593"},"modified":"2014-08-06T11:03:47","modified_gmt":"2014-08-06T08:03:47","slug":"irak-hava-silahi-265-teroristi-oldurdu","status":"publish","type":"post","link":"https:\/\/archive.sana.sy\/tr\/?p=6593","title":{"rendered":"Irak Hava Silah\u0131 265 Ter\u00f6risti \u00d6ld\u00fcrd\u00fc"},"content":{"rendered":"<p>BA\u011eDAT \u2013 Irak hava silah\u0131 Irak\u2019\u0131n muhtelif kentlerinde \u00e7ok say\u0131da s\u00f6zde \u201cIrak ve \u015eam Devleti\u201d ter\u00f6r \u00f6rg\u00fct\u00fcne ba\u011fl\u0131 mevki ve konvoylar\u0131n\u0131 hedef almas\u0131 osnucunda 265 ter\u00f6risti \u00f6ld\u00fcrd\u00fc.<\/p>\n<p>Irak askeri istihbarat\u0131 m\u00fcd\u00fcrl\u00fc\u011f\u00fcnde yetkili bir kaynak, Irak ordu u\u00e7aklar\u0131n\u0131n istihbarat cihaz\u0131n\u0131n i\u015fbirli\u011fiyle s\u00f6z konusu ter\u00f6r \u00f6rg\u00fct\u00fcne y\u00f6nelik Babil\u2019in kuzeyinde h\u00fccrelerine y\u00f6nelik d\u00fczenledikleri bombard\u0131manlarda aralar\u0131nda 3 Afganl\u0131n\u0131n bulundu\u011fu 30 ter\u00f6ristin \u00f6ld\u00fcr\u00fcld\u00fc\u011f\u00fcn\u00fc a\u00e7\u0131klad\u0131.<\/p>\n<p>Irakl\u0131 kaynak, Irak ordu u\u00e7aklar\u0131n\u0131n istihbarat cihaz\u0131n\u0131n i\u015fbirli\u011fiyle s\u00f6z konusu ter\u00f6r \u00f6rg\u00fct\u00fcne y\u00f6nelik Sincar Kazas\u0131nda nokta bombard\u0131man\u0131 d\u00fczenlemesi sonucunda 200 ter\u00f6ristin \u00f6ld\u00fcr\u00fcld\u00fc\u011f\u00fcn\u00fc 150 ter\u00f6ristin de yaraland\u0131\u011f\u0131n\u0131 ifade etti.<\/p>\n<p>Ordu g\u00fc\u00e7leri ayr\u0131ca, Salahuddin Biji Kazas\u0131nda s\u00f6zde \u201cIrak ve \u015eam devleti \u00d6rg\u00fct\u00fcnden\u201d elemanlar\u0131n\u0131 hedef almalar\u0131 sonucunda 35 ter\u00f6risti \u00f6ld\u00fcrd\u00fcklerini silah ta\u015f\u0131yan 6 ara\u00e7lar\u0131n\u0131 da imha ettiklerini s\u00f6yledi.<\/p>\n<p>G\u00fcvenlik kayna\u011f\u0131, hava silah\u0131n\u0131n Musul\u2019un bat\u0131s\u0131nda Suriye-Irak s\u0131n\u0131r\u0131na yak\u0131n Baac Kazas\u0131na ba\u011fl\u0131 Kayravan b\u00f6lgesinde konvoy halinde olan I\u015eD ter\u00f6ristlerinden onlarca ki\u015finin \u00f6ld\u00fcr\u00fcld\u00fc\u011f\u00fcn\u00fc \u00e7ok say\u0131da ara\u00e7lar\u0131n\u0131n da etkisiz hale getirildi\u011fini ifade etti.<\/p>\n<p>&nbsp;<\/p>\n","protected":false},"excerpt":{"rendered":"<p>BA\u011eDAT \u2013 Irak hava silah\u0131 Irak\u2019\u0131n muhtelif kentlerinde \u00e7ok say\u0131da s\u00f6zde \u201cIrak ve \u015eam Devleti\u201d ter\u00f6r \u00f6rg\u00fct\u00fcne ba\u011fl\u0131 mevki ve konvoylar\u0131n\u0131 hedef almas\u0131 osnucunda 265 ter\u00f6risti \u00f6ld\u00fcrd\u00fc. Irak askeri istihbarat\u0131 m\u00fcd\u00fcrl\u00fc\u011f\u00fcnde yetkili bir kaynak, Irak ordu u\u00e7aklar\u0131n\u0131n istihbarat cihaz\u0131n\u0131n i\u015fbirli\u011fiyle s\u00f6z konusu ter\u00f6r \u00f6rg\u00fct\u00fcne y\u00f6nelik Babil\u2019in kuzeyinde h\u00fccrelerine y\u00f6nelik d\u00fczenledikleri bombard\u0131manlarda aralar\u0131nda 3 Afganl\u0131n\u0131n bulundu\u011fu &hellip;<\/p>\n","protected":false},"author":1,"featured_media":6594,"comment_status":"closed","ping_status":"closed","sticky":false,"template":"","format":"standard","meta":{"footnotes":""},"categories":[458,459,447],"tags":[1475],"class_list":["post-6593","post","type-post","status-publish","format-standard","has-post-thumbnail","","category-dunya1","category-haberler-arap-uluslararasi-politika","category-politika","tag-irak-hava-silahi-265-teroristi-oldurdu"],"_links":{"self":[{"href":"https:\/\/archive.sana.sy\/tr\/index.php?rest_route=\/wp\/v2\/posts\/6593","targetHints":{"allow":["GET"]}}],"collection":[{"href":"https:\/\/archive.sana.sy\/tr\/index.php?rest_route=\/wp\/v2\/posts"}],"about":[{"href":"https:\/\/archive.sana.sy\/tr\/index.php?rest_route=\/wp\/v2\/types\/post"}],"author":[{"embeddable":true,"href":"https:\/\/archive.sana.sy\/tr\/index.php?rest_route=\/wp\/v2\/users\/1"}],"replies":[{"embeddable":true,"href":"https:\/\/archive.sana.sy\/tr\/index.php?rest_route=%2Fwp%2Fv2%2Fcomments&post=6593"}],"version-history":[{"count":0,"href":"https:\/\/archive.sana.sy\/tr\/index.php?rest_route=\/wp\/v2\/posts\/6593\/revisions"}],"wp:featuredmedia":[{"embeddable":true,"href":"https:\/\/archive.sana.sy\/tr\/index.php?rest_route=\/wp\/v2\/media\/6594"}],"wp:attachment":[{"href":"https:\/\/archive.sana.sy\/tr\/index.php?rest_route=%2Fwp%2Fv2%2Fmedia&parent=6593"}],"wp:term":[{"taxonomy":"category","embeddable":true,"href":"https:\/\/archive.sana.sy\/tr\/index.php?rest_route=%2Fwp%2Fv2%2Fcategories&post=6593"},{"taxonomy":"post_tag","embeddable":true,"href":"https:\/\/archive.sana.sy\/tr\/index.php?rest_route=%2Fwp%2Fv2%2Ftags&post=6593"}],"curies":[{"name":"wp","href":"https:\/\/api.w.org\/{rel}","templated":true}]}}