{"id":65938,"date":"2016-03-21T20:15:12","date_gmt":"2016-03-21T18:15:12","guid":{"rendered":"http:\/\/sana.sy\/tr\/?p=65938"},"modified":"2016-03-21T20:15:12","modified_gmt":"2016-03-21T18:15:12","slug":"bm-genel-sekreterinin-suriye-ozel-temsilcisi-staffan-de-mistura-suriye-arap-cumhuriyeti-heyeti-ile-bmnin-cenevre-ofisinde-duzenledigi-toplanti-ardindan-basina-yaptigi-aciklamada-taraflar-ara","status":"publish","type":"post","link":"https:\/\/archive.sana.sy\/tr\/?p=65938","title":{"rendered":"BM genel sekreterinin Suriye \u00f6zel temsilcisi Staffan de Mistura Suriye Arap Cumhuriyeti heyeti ile BM\u2019nin Cenevre Ofisinde d\u00fczenledi\u011fi toplant\u0131 ard\u0131ndan bas\u0131na yapt\u0131\u011f\u0131 a\u00e7\u0131klamada; taraflar aras\u0131nda ortak bir taban\u0131n bulunmas\u0131 konusunda heyet ile g\u00f6r\u00fc\u015f al\u0131\u015fveri\u015finde bulundu\u011funu belirtti"},"content":{"rendered":"<p>BM genel sekreterinin Suriye \u00f6zel temsilcisi Staffan de Mistura Suriye Arap Cumhuriyeti heyeti ile BM\u2019nin Cenevre Ofisinde d\u00fczenledi\u011fi toplant\u0131 ard\u0131ndan bas\u0131na yapt\u0131\u011f\u0131 a\u00e7\u0131klamada; taraflar aras\u0131nda ortak bir taban\u0131n bulunmas\u0131 konusunda heyet ile g\u00f6r\u00fc\u015f al\u0131\u015fveri\u015finde bulundu\u011funu belirtti<\/p>\n","protected":false},"excerpt":{"rendered":"<p>BM genel sekreterinin Suriye \u00f6zel temsilcisi Staffan de Mistura Suriye Arap Cumhuriyeti heyeti ile BM\u2019nin Cenevre Ofisinde d\u00fczenledi\u011fi toplant\u0131 ard\u0131ndan bas\u0131na yapt\u0131\u011f\u0131 a\u00e7\u0131klamada; taraflar aras\u0131nda ortak bir taban\u0131n bulunmas\u0131 konusunda heyet ile g\u00f6r\u00fc\u015f al\u0131\u015fveri\u015finde bulundu\u011funu belirtti<\/p>\n","protected":false},"author":1,"featured_media":0,"comment_status":"closed","ping_status":"closed","sticky":false,"template":"","format":"standard","meta":{"footnotes":""},"categories":[17991],"tags":[],"class_list":["post-65938","post","type-post","status-publish","format-standard","","category-son-dakika"],"_links":{"self":[{"href":"https:\/\/archive.sana.sy\/tr\/index.php?rest_route=\/wp\/v2\/posts\/65938","targetHints":{"allow":["GET"]}}],"collection":[{"href":"https:\/\/archive.sana.sy\/tr\/index.php?rest_route=\/wp\/v2\/posts"}],"about":[{"href":"https:\/\/archive.sana.sy\/tr\/index.php?rest_route=\/wp\/v2\/types\/post"}],"author":[{"embeddable":true,"href":"https:\/\/archive.sana.sy\/tr\/index.php?rest_route=\/wp\/v2\/users\/1"}],"replies":[{"embeddable":true,"href":"https:\/\/archive.sana.sy\/tr\/index.php?rest_route=%2Fwp%2Fv2%2Fcomments&post=65938"}],"version-history":[{"count":0,"href":"https:\/\/archive.sana.sy\/tr\/index.php?rest_route=\/wp\/v2\/posts\/65938\/revisions"}],"wp:attachment":[{"href":"https:\/\/archive.sana.sy\/tr\/index.php?rest_route=%2Fwp%2Fv2%2Fmedia&parent=65938"}],"wp:term":[{"taxonomy":"category","embeddable":true,"href":"https:\/\/archive.sana.sy\/tr\/index.php?rest_route=%2Fwp%2Fv2%2Fcategories&post=65938"},{"taxonomy":"post_tag","embeddable":true,"href":"https:\/\/archive.sana.sy\/tr\/index.php?rest_route=%2Fwp%2Fv2%2Ftags&post=65938"}],"curies":[{"name":"wp","href":"https:\/\/api.w.org\/{rel}","templated":true}]}}