{"id":65957,"date":"2016-03-22T13:42:11","date_gmt":"2016-03-22T11:42:11","guid":{"rendered":"http:\/\/sana.sy\/tr\/?p=65957"},"modified":"2016-03-22T13:44:22","modified_gmt":"2016-03-22T11:44:22","slug":"yetkili-kaynak-bes-yildan-beri-cokuluslu-tekfirci-ve-kiralik-terore-karsi-savasan-suriyenin-terore-karsi-mucadeleyle-birlikte-teroru-destekleyen-himaye-ve-ortu-temin-eden-devletlere-sinir-koymada-u","status":"publish","type":"post","link":"https:\/\/archive.sana.sy\/tr\/?p=65957","title":{"rendered":"Yetkili kaynak be\u015f y\u0131ldan beri \u00e7okuluslu tekfirci ve kiral\u0131k ter\u00f6re kar\u015f\u0131 sava\u015fan Suriye&#8217;nin ter\u00f6re kar\u015f\u0131 m\u00fccadeleyle birlikte ter\u00f6r\u00fc destekleyen, himaye ve \u00f6rt\u00fc temin eden devletlere s\u0131n\u0131r koymada uluslar aras\u0131 ciddi ve d\u00fcr\u00fcst \u00e7abalar\u0131n yo\u011funla\u015ft\u0131r\u0131l\u0131p birle\u015ftirilmesine bir kez daha \u00e7a\u011fr\u0131 yapt\u0131\u011f\u0131n\u0131 ifade etti"},"content":{"rendered":"<p>Yetkili kaynak be\u015f y\u0131ldan beri \u00e7okuluslu tekfirci ve kiral\u0131k ter\u00f6re kar\u015f\u0131 sava\u015fan Suriye&#8217;nin ter\u00f6re kar\u015f\u0131 m\u00fccadeleyle birlikte ter\u00f6r\u00fc destekleyen, himaye ve \u00f6rt\u00fc temin eden devletlere s\u0131n\u0131r koymada uluslar aras\u0131 ciddi ve d\u00fcr\u00fcst \u00e7abalar\u0131n yo\u011funla\u015ft\u0131r\u0131l\u0131p birle\u015ftirilmesine bir kez daha \u00e7a\u011fr\u0131 yapt\u0131\u011f\u0131n\u0131 ifade etti<\/p>\n","protected":false},"excerpt":{"rendered":"<p>Yetkili kaynak be\u015f y\u0131ldan beri \u00e7okuluslu tekfirci ve kiral\u0131k ter\u00f6re kar\u015f\u0131 sava\u015fan Suriye&#8217;nin ter\u00f6re kar\u015f\u0131 m\u00fccadeleyle birlikte ter\u00f6r\u00fc destekleyen, himaye ve \u00f6rt\u00fc temin eden devletlere s\u0131n\u0131r koymada uluslar aras\u0131 ciddi ve d\u00fcr\u00fcst \u00e7abalar\u0131n yo\u011funla\u015ft\u0131r\u0131l\u0131p birle\u015ftirilmesine bir kez daha \u00e7a\u011fr\u0131 yapt\u0131\u011f\u0131n\u0131 ifade etti<\/p>\n","protected":false},"author":1,"featured_media":0,"comment_status":"closed","ping_status":"closed","sticky":false,"template":"","format":"standard","meta":{"footnotes":""},"categories":[17991],"tags":[],"class_list":["post-65957","post","type-post","status-publish","format-standard","","category-son-dakika"],"_links":{"self":[{"href":"https:\/\/archive.sana.sy\/tr\/index.php?rest_route=\/wp\/v2\/posts\/65957","targetHints":{"allow":["GET"]}}],"collection":[{"href":"https:\/\/archive.sana.sy\/tr\/index.php?rest_route=\/wp\/v2\/posts"}],"about":[{"href":"https:\/\/archive.sana.sy\/tr\/index.php?rest_route=\/wp\/v2\/types\/post"}],"author":[{"embeddable":true,"href":"https:\/\/archive.sana.sy\/tr\/index.php?rest_route=\/wp\/v2\/users\/1"}],"replies":[{"embeddable":true,"href":"https:\/\/archive.sana.sy\/tr\/index.php?rest_route=%2Fwp%2Fv2%2Fcomments&post=65957"}],"version-history":[{"count":0,"href":"https:\/\/archive.sana.sy\/tr\/index.php?rest_route=\/wp\/v2\/posts\/65957\/revisions"}],"wp:attachment":[{"href":"https:\/\/archive.sana.sy\/tr\/index.php?rest_route=%2Fwp%2Fv2%2Fmedia&parent=65957"}],"wp:term":[{"taxonomy":"category","embeddable":true,"href":"https:\/\/archive.sana.sy\/tr\/index.php?rest_route=%2Fwp%2Fv2%2Fcategories&post=65957"},{"taxonomy":"post_tag","embeddable":true,"href":"https:\/\/archive.sana.sy\/tr\/index.php?rest_route=%2Fwp%2Fv2%2Ftags&post=65957"}],"curies":[{"name":"wp","href":"https:\/\/api.w.org\/{rel}","templated":true}]}}