{"id":6596,"date":"2014-08-06T11:08:48","date_gmt":"2014-08-06T08:08:48","guid":{"rendered":"http:\/\/www.sana.sy\/tr\/?p=6596"},"modified":"2014-08-06T11:08:48","modified_gmt":"2014-08-06T08:08:48","slug":"festival-etkinlikleri-sanattan-sagliga-kadar-butun-alanlarda-suruyor","status":"publish","type":"post","link":"https:\/\/archive.sana.sy\/tr\/?p=6596","title":{"rendered":"Festival Etkinlikleri Sanattan Sa\u011fl\u0131\u011fa Kadar B\u00fct\u00fcn Alanlarda S\u00fcr\u00fcyor"},"content":{"rendered":"<p>HOMS \u2013 Etkinlikleri d\u00f6rd\u00fcnc\u00fc g\u00fcn\u00fcnde devam eden \u201cLayali Vadina\u201d festivali kapsam\u0131nda bug\u00fcn Hebnamra Beldesinde kad\u0131nlara ve 11 ya\u015f alt\u0131 \u00e7ocuklara \u00fccretsiz hizmet sunacak bir t\u0131bbi merkezin a\u00e7\u0131l\u0131\u015f\u0131 yap\u0131ld\u0131.<\/p>\n<p>T\u0131p Merkezin a\u00e7\u0131l\u0131\u015f\u0131na kat\u0131lan Homs Valisi Talal Barazi; t\u0131p merkezinin, festivalin k\u00fclt\u00fcrel, toplumsal ve hizmet sunma alanlar\u0131n\u0131n t\u00fcm\u00fcn\u00fc kapsad\u0131\u011f\u0131n\u0131 ortaya koydu\u011funa i\u015faret ederek t\u0131p merkezinin sadece kad\u0131n ve \u00e7ocuklara hizmet verecek olmas\u0131n\u0131n sa\u011fl\u0131kl\u0131 nesiller yeti\u015ftirmeye verilen \u00f6nemi yans\u0131tt\u0131\u011f\u0131n\u0131 dile getirdi.<\/p>\n<p>Festival kapsam\u0131nda sa\u011fl\u0131k hizmeti verecek bir merkezin a\u00e7\u0131lmas\u0131n\u0131n toplumdaki sa\u011fl\u0131k ve dayan\u0131\u015fma bilincini peki\u015ftirece\u011fine dikkat \u00e7eken Barazi; t\u0131p merkezinin, Aile \u00d6rg\u00fctlenmesi Cemiyetinin giri\u015fimi ve katk\u0131lar\u0131yla a\u00e7\u0131ld\u0131\u011f\u0131na de\u011finerek valili\u011fin bu t\u00fcr ad\u0131mlar\u0131 desteklemeye devam edece\u011fini beyan etti.<\/p>\n<p>\u00d6te yandan Aile \u00d6rg\u00fctlenmesi Cemiyeti Homs Ofisi Y\u00f6netim Kurulu \u00dcyesi Diyvar Tayyare; kahraman birliklerimizin g\u00fcvenlik ve istikrar\u0131 sa\u011flamas\u0131yla n\u00fcfusu g\u00fcnden g\u00fcne yo\u011funla\u015fan Hebnamra Beldesinde in\u015fa edilen bu t\u0131p merkezinin sa\u011fl\u0131k m\u00fcd\u00fcrl\u00fc\u011f\u00fcne ba\u011fl\u0131 sa\u011fl\u0131k kurumlar\u0131na paralel bir \u00e7al\u0131\u015fma y\u00fcr\u00fctece\u011fini belirtti.<\/p>\n<p>Bilinece\u011fi \u00fczere \u201cLayali Vadina\u201d festivali \u00f6n\u00fcm\u00fczdeki Per\u015fembe g\u00fcn\u00fcne kadar devam ederek daha \u00f6nce sergilenen k\u00fclt\u00fcrel, sanatsal, toplumsal ve hizmet faaliyetleri kapsam\u0131nda \u00e7evre temizli\u011fi kampanyas\u0131, \u00e7ocuklara sinema g\u00f6sterimi, konser ve kermes gibi faaliyetlerle devam edecek.<\/p>\n<p><a href=\"http:\/\/www.sana.sy\/tr\/wp-content\/uploads\/2014\/08\/Vadi-10.jpg\"><img loading=\"lazy\" decoding=\"async\" class=\"alignnone size-medium wp-image-6607\" src=\"http:\/\/www.sana.sy\/tr\/wp-content\/uploads\/2014\/08\/Vadi-10-300x159.jpg\" alt=\"Vadi 10\" width=\"300\" height=\"159\" srcset=\"https:\/\/archive.sana.sy\/tr\/wp-content\/uploads\/2014\/08\/Vadi-10-300x160.jpg 300w, https:\/\/archive.sana.sy\/tr\/wp-content\/uploads\/2014\/08\/Vadi-10-150x79.jpg 150w, https:\/\/archive.sana.sy\/tr\/wp-content\/uploads\/2014\/08\/Vadi-10.jpg 620w\" sizes=\"auto, (max-width: 300px) 100vw, 300px\" \/><\/a> <a href=\"http:\/\/www.sana.sy\/tr\/wp-content\/uploads\/2014\/08\/Vadi-11.jpg\"><img loading=\"lazy\" decoding=\"async\" class=\"alignnone size-medium wp-image-6606\" src=\"http:\/\/www.sana.sy\/tr\/wp-content\/uploads\/2014\/08\/Vadi-11-300x159.jpg\" alt=\"Vadi 1\" width=\"300\" height=\"159\" srcset=\"https:\/\/archive.sana.sy\/tr\/wp-content\/uploads\/2014\/08\/Vadi-11-300x160.jpg 300w, https:\/\/archive.sana.sy\/tr\/wp-content\/uploads\/2014\/08\/Vadi-11-150x79.jpg 150w, https:\/\/archive.sana.sy\/tr\/wp-content\/uploads\/2014\/08\/Vadi-11.jpg 620w\" sizes=\"auto, (max-width: 300px) 100vw, 300px\" \/><\/a> <a href=\"http:\/\/www.sana.sy\/tr\/wp-content\/uploads\/2014\/08\/Vadi-8.jpg\"><img loading=\"lazy\" decoding=\"async\" class=\"alignnone size-medium wp-image-6604\" src=\"http:\/\/www.sana.sy\/tr\/wp-content\/uploads\/2014\/08\/Vadi-8-300x159.jpg\" alt=\"Vadi 8\" width=\"300\" height=\"159\" srcset=\"https:\/\/archive.sana.sy\/tr\/wp-content\/uploads\/2014\/08\/Vadi-8-300x160.jpg 300w, https:\/\/archive.sana.sy\/tr\/wp-content\/uploads\/2014\/08\/Vadi-8-150x79.jpg 150w, https:\/\/archive.sana.sy\/tr\/wp-content\/uploads\/2014\/08\/Vadi-8.jpg 620w\" sizes=\"auto, (max-width: 300px) 100vw, 300px\" \/><\/a> <a href=\"http:\/\/www.sana.sy\/tr\/wp-content\/uploads\/2014\/08\/Vadi-7.jpg\"><img loading=\"lazy\" decoding=\"async\" class=\"alignnone size-medium wp-image-6603\" src=\"http:\/\/www.sana.sy\/tr\/wp-content\/uploads\/2014\/08\/Vadi-7-300x159.jpg\" alt=\"Vadi 7\" width=\"300\" height=\"159\" srcset=\"https:\/\/archive.sana.sy\/tr\/wp-content\/uploads\/2014\/08\/Vadi-7-300x160.jpg 300w, https:\/\/archive.sana.sy\/tr\/wp-content\/uploads\/2014\/08\/Vadi-7-150x79.jpg 150w, https:\/\/archive.sana.sy\/tr\/wp-content\/uploads\/2014\/08\/Vadi-7.jpg 620w\" sizes=\"auto, (max-width: 300px) 100vw, 300px\" \/><\/a> <a href=\"http:\/\/www.sana.sy\/tr\/wp-content\/uploads\/2014\/08\/Vadi-6.jpg\"><img loading=\"lazy\" decoding=\"async\" class=\"alignnone size-medium wp-image-6602\" src=\"http:\/\/www.sana.sy\/tr\/wp-content\/uploads\/2014\/08\/Vadi-6-300x159.jpg\" alt=\"Vadi 6\" width=\"300\" height=\"159\" srcset=\"https:\/\/archive.sana.sy\/tr\/wp-content\/uploads\/2014\/08\/Vadi-6-300x160.jpg 300w, https:\/\/archive.sana.sy\/tr\/wp-content\/uploads\/2014\/08\/Vadi-6-150x79.jpg 150w, https:\/\/archive.sana.sy\/tr\/wp-content\/uploads\/2014\/08\/Vadi-6.jpg 620w\" sizes=\"auto, (max-width: 300px) 100vw, 300px\" \/><\/a> <a href=\"http:\/\/www.sana.sy\/tr\/wp-content\/uploads\/2014\/08\/Vadi-5.jpg\"><img loading=\"lazy\" decoding=\"async\" class=\"alignnone size-medium wp-image-6601\" src=\"http:\/\/www.sana.sy\/tr\/wp-content\/uploads\/2014\/08\/Vadi-5-300x159.jpg\" alt=\"Vadi 5\" width=\"300\" height=\"159\" srcset=\"https:\/\/archive.sana.sy\/tr\/wp-content\/uploads\/2014\/08\/Vadi-5-300x160.jpg 300w, https:\/\/archive.sana.sy\/tr\/wp-content\/uploads\/2014\/08\/Vadi-5-150x79.jpg 150w, https:\/\/archive.sana.sy\/tr\/wp-content\/uploads\/2014\/08\/Vadi-5.jpg 620w\" sizes=\"auto, (max-width: 300px) 100vw, 300px\" \/><\/a> <a href=\"http:\/\/www.sana.sy\/tr\/wp-content\/uploads\/2014\/08\/Vadi-4.jpg\"><img loading=\"lazy\" decoding=\"async\" class=\"alignnone size-medium wp-image-6600\" src=\"http:\/\/www.sana.sy\/tr\/wp-content\/uploads\/2014\/08\/Vadi-4-300x159.jpg\" alt=\"Vadi 4\" width=\"300\" height=\"159\" srcset=\"https:\/\/archive.sana.sy\/tr\/wp-content\/uploads\/2014\/08\/Vadi-4-300x160.jpg 300w, https:\/\/archive.sana.sy\/tr\/wp-content\/uploads\/2014\/08\/Vadi-4-150x79.jpg 150w, https:\/\/archive.sana.sy\/tr\/wp-content\/uploads\/2014\/08\/Vadi-4.jpg 620w\" sizes=\"auto, (max-width: 300px) 100vw, 300px\" \/><\/a> <a href=\"http:\/\/www.sana.sy\/tr\/wp-content\/uploads\/2014\/08\/Vadi-3.jpg\"><img loading=\"lazy\" decoding=\"async\" class=\"alignnone size-medium wp-image-6599\" src=\"http:\/\/www.sana.sy\/tr\/wp-content\/uploads\/2014\/08\/Vadi-3-300x159.jpg\" alt=\"Vadi 3\" width=\"300\" height=\"159\" srcset=\"https:\/\/archive.sana.sy\/tr\/wp-content\/uploads\/2014\/08\/Vadi-3-300x160.jpg 300w, https:\/\/archive.sana.sy\/tr\/wp-content\/uploads\/2014\/08\/Vadi-3-150x79.jpg 150w, https:\/\/archive.sana.sy\/tr\/wp-content\/uploads\/2014\/08\/Vadi-3.jpg 620w\" sizes=\"auto, (max-width: 300px) 100vw, 300px\" \/><\/a> <a href=\"http:\/\/www.sana.sy\/tr\/wp-content\/uploads\/2014\/08\/Vadi-2.jpg\"><img loading=\"lazy\" decoding=\"async\" class=\"alignnone size-medium wp-image-6598\" src=\"http:\/\/www.sana.sy\/tr\/wp-content\/uploads\/2014\/08\/Vadi-2-300x159.jpg\" alt=\"Vadi 2\" width=\"300\" height=\"159\" srcset=\"https:\/\/archive.sana.sy\/tr\/wp-content\/uploads\/2014\/08\/Vadi-2-300x160.jpg 300w, https:\/\/archive.sana.sy\/tr\/wp-content\/uploads\/2014\/08\/Vadi-2-150x79.jpg 150w, https:\/\/archive.sana.sy\/tr\/wp-content\/uploads\/2014\/08\/Vadi-2.jpg 620w\" sizes=\"auto, (max-width: 300px) 100vw, 300px\" \/><\/a><\/p>\n","protected":false},"excerpt":{"rendered":"<p>HOMS \u2013 Etkinlikleri d\u00f6rd\u00fcnc\u00fc g\u00fcn\u00fcnde devam eden \u201cLayali Vadina\u201d festivali kapsam\u0131nda bug\u00fcn Hebnamra Beldesinde kad\u0131nlara ve 11 ya\u015f alt\u0131 \u00e7ocuklara \u00fccretsiz hizmet sunacak bir t\u0131bbi merkezin a\u00e7\u0131l\u0131\u015f\u0131 yap\u0131ld\u0131. T\u0131p Merkezin a\u00e7\u0131l\u0131\u015f\u0131na kat\u0131lan Homs Valisi Talal Barazi; t\u0131p merkezinin, festivalin k\u00fclt\u00fcrel, toplumsal ve hizmet sunma alanlar\u0131n\u0131n t\u00fcm\u00fcn\u00fc kapsad\u0131\u011f\u0131n\u0131 ortaya koydu\u011funa i\u015faret ederek t\u0131p merkezinin sadece kad\u0131n &hellip;<\/p>\n","protected":false},"author":1,"featured_media":6605,"comment_status":"closed","ping_status":"closed","sticky":false,"template":"","format":"standard","meta":{"footnotes":""},"categories":[596,511],"tags":[1476],"class_list":["post-6596","post","type-post","status-publish","format-standard","has-post-thumbnail","","category-fotografli-raporlar","category-kultur-ve-sanat","tag-festival-etkinlikleri-sanattan-sagliga-kadar-butun-alanlarda-suruyor"],"_links":{"self":[{"href":"https:\/\/archive.sana.sy\/tr\/index.php?rest_route=\/wp\/v2\/posts\/6596","targetHints":{"allow":["GET"]}}],"collection":[{"href":"https:\/\/archive.sana.sy\/tr\/index.php?rest_route=\/wp\/v2\/posts"}],"about":[{"href":"https:\/\/archive.sana.sy\/tr\/index.php?rest_route=\/wp\/v2\/types\/post"}],"author":[{"embeddable":true,"href":"https:\/\/archive.sana.sy\/tr\/index.php?rest_route=\/wp\/v2\/users\/1"}],"replies":[{"embeddable":true,"href":"https:\/\/archive.sana.sy\/tr\/index.php?rest_route=%2Fwp%2Fv2%2Fcomments&post=6596"}],"version-history":[{"count":0,"href":"https:\/\/archive.sana.sy\/tr\/index.php?rest_route=\/wp\/v2\/posts\/6596\/revisions"}],"wp:featuredmedia":[{"embeddable":true,"href":"https:\/\/archive.sana.sy\/tr\/index.php?rest_route=\/wp\/v2\/media\/6605"}],"wp:attachment":[{"href":"https:\/\/archive.sana.sy\/tr\/index.php?rest_route=%2Fwp%2Fv2%2Fmedia&parent=6596"}],"wp:term":[{"taxonomy":"category","embeddable":true,"href":"https:\/\/archive.sana.sy\/tr\/index.php?rest_route=%2Fwp%2Fv2%2Fcategories&post=6596"},{"taxonomy":"post_tag","embeddable":true,"href":"https:\/\/archive.sana.sy\/tr\/index.php?rest_route=%2Fwp%2Fv2%2Ftags&post=6596"}],"curies":[{"name":"wp","href":"https:\/\/api.w.org\/{rel}","templated":true}]}}