{"id":65960,"date":"2016-03-22T13:41:13","date_gmt":"2016-03-22T11:41:13","guid":{"rendered":"http:\/\/sana.sy\/tr\/?p=65960"},"modified":"2016-03-22T13:41:13","modified_gmt":"2016-03-22T11:41:13","slug":"bu-teror-eylemlerinin-terorun-bir-kisim-devletlerin-yanlis-politikalariyla-birlikte-belirli-hedefler-ugruna-teroru-desteklemeleri-ya-da-terore-goz-yummalari-neticesinde-gelisip-yayildiginin-altini-ci","status":"publish","type":"post","link":"https:\/\/archive.sana.sy\/tr\/?p=65960","title":{"rendered":"Bu ter\u00f6r eylemlerinin, ter\u00f6r\u00fcn bir k\u0131s\u0131m devletlerin yanl\u0131\u015f politikalar\u0131yla birlikte belirli hedefler u\u011fruna ter\u00f6r\u00fc desteklemeleri ya da ter\u00f6re g\u00f6z yummalar\u0131 neticesinde geli\u015fip yay\u0131ld\u0131\u011f\u0131n\u0131n alt\u0131n\u0131 \u00e7izen yetkili kaynak; bu devletlerin sonu\u00e7 itibar\u0131yla Kaide \u00d6rg\u00fct\u00fcnden t\u00fcreme ter\u00f6rist gruplara \u2018\u0131l\u0131ml\u0131 muhalifler\u2019 ya da silahl\u0131 muhalifler\u2019 ad\u0131n\u0131 verip onlar\u0131 me\u015frula\u015ft\u0131rma \u00e7abalar\u0131n\u0131n bir kez daha tehlikesini ortaya koydu\u011funu ifade etti"},"content":{"rendered":"<p>Bu ter\u00f6r eylemlerinin, ter\u00f6r\u00fcn bir k\u0131s\u0131m devletlerin yanl\u0131\u015f politikalar\u0131yla birlikte belirli hedefler u\u011fruna ter\u00f6r\u00fc desteklemeleri ya da ter\u00f6re g\u00f6z yummalar\u0131 neticesinde geli\u015fip yay\u0131ld\u0131\u011f\u0131n\u0131n alt\u0131n\u0131 \u00e7izen yetkili kaynak; bu devletlerin sonu\u00e7 itibar\u0131yla Kaide \u00d6rg\u00fct\u00fcnden t\u00fcreme ter\u00f6rist gruplara \u2018\u0131l\u0131ml\u0131 muhalifler\u2019 ya da silahl\u0131 muhalifler\u2019 ad\u0131n\u0131 verip onlar\u0131 me\u015frula\u015ft\u0131rma \u00e7abalar\u0131n\u0131n bir kez daha tehlikesini ortaya koydu\u011funu ifade etti<\/p>\n","protected":false},"excerpt":{"rendered":"<p>Bu ter\u00f6r eylemlerinin, ter\u00f6r\u00fcn bir k\u0131s\u0131m devletlerin yanl\u0131\u015f politikalar\u0131yla birlikte belirli hedefler u\u011fruna ter\u00f6r\u00fc desteklemeleri ya da ter\u00f6re g\u00f6z yummalar\u0131 neticesinde geli\u015fip yay\u0131ld\u0131\u011f\u0131n\u0131n alt\u0131n\u0131 \u00e7izen yetkili kaynak; bu devletlerin sonu\u00e7 itibar\u0131yla Kaide \u00d6rg\u00fct\u00fcnden t\u00fcreme ter\u00f6rist gruplara \u2018\u0131l\u0131ml\u0131 muhalifler\u2019 ya da silahl\u0131 muhalifler\u2019 ad\u0131n\u0131 verip onlar\u0131 me\u015frula\u015ft\u0131rma \u00e7abalar\u0131n\u0131n bir kez daha tehlikesini ortaya koydu\u011funu ifade etti<\/p>\n","protected":false},"author":1,"featured_media":0,"comment_status":"closed","ping_status":"closed","sticky":false,"template":"","format":"standard","meta":{"footnotes":""},"categories":[17991],"tags":[],"class_list":["post-65960","post","type-post","status-publish","format-standard","","category-son-dakika"],"_links":{"self":[{"href":"https:\/\/archive.sana.sy\/tr\/index.php?rest_route=\/wp\/v2\/posts\/65960","targetHints":{"allow":["GET"]}}],"collection":[{"href":"https:\/\/archive.sana.sy\/tr\/index.php?rest_route=\/wp\/v2\/posts"}],"about":[{"href":"https:\/\/archive.sana.sy\/tr\/index.php?rest_route=\/wp\/v2\/types\/post"}],"author":[{"embeddable":true,"href":"https:\/\/archive.sana.sy\/tr\/index.php?rest_route=\/wp\/v2\/users\/1"}],"replies":[{"embeddable":true,"href":"https:\/\/archive.sana.sy\/tr\/index.php?rest_route=%2Fwp%2Fv2%2Fcomments&post=65960"}],"version-history":[{"count":0,"href":"https:\/\/archive.sana.sy\/tr\/index.php?rest_route=\/wp\/v2\/posts\/65960\/revisions"}],"wp:attachment":[{"href":"https:\/\/archive.sana.sy\/tr\/index.php?rest_route=%2Fwp%2Fv2%2Fmedia&parent=65960"}],"wp:term":[{"taxonomy":"category","embeddable":true,"href":"https:\/\/archive.sana.sy\/tr\/index.php?rest_route=%2Fwp%2Fv2%2Fcategories&post=65960"},{"taxonomy":"post_tag","embeddable":true,"href":"https:\/\/archive.sana.sy\/tr\/index.php?rest_route=%2Fwp%2Fv2%2Ftags&post=65960"}],"curies":[{"name":"wp","href":"https:\/\/api.w.org\/{rel}","templated":true}]}}