{"id":65964,"date":"2016-03-22T17:00:27","date_gmt":"2016-03-22T15:00:27","guid":{"rendered":"http:\/\/sana.sy\/tr\/?p=65964"},"modified":"2016-03-23T19:19:00","modified_gmt":"2016-03-23T17:19:00","slug":"suriye-brukselde-meydana-gelen-bombali-eylemleri-kinadi","status":"publish","type":"post","link":"https:\/\/archive.sana.sy\/tr\/?p=65964","title":{"rendered":"Suriye Br\u00fcksel\u2019de Meydana Gelen Bombal\u0131 Eylemleri K\u0131nad\u0131"},"content":{"rendered":"<p>\u015eAM \u2013 D\u0131\u015fi\u015fleri ve Gurbet\u00e7iler Bakanl\u0131\u011f\u0131nda yetkili bir kaynak Suriye Arap Cumhuriyetinin Bel\u00e7ika\u2019n\u0131n ba\u015fkenti Br\u00fcksel&#8217;de meydana gelen bombal\u0131 ter\u00f6r sald\u0131r\u0131lar\u0131n\u0131 keskin bir dille k\u0131nad\u0131\u011f\u0131n\u0131, kurbanlar\u0131n ailelerinin ac\u0131lar\u0131n\u0131 da payla\u015ft\u0131\u011f\u0131n\u0131 belirtti.<\/p>\n<p>Yetkili kaynak Br\u00fcksel&#8217;de bug\u00fcn meydana gelen ter\u00f6r eylemleriyle birlikte daha \u00f6nce Paris ve d\u00fcnyan\u0131n muhtelif devletlerinde meydana gelen ter\u00f6r eylemlerinin ter\u00f6r\u00fcn s\u0131n\u0131r ya da b\u00f6lge tan\u0131mad\u0131\u011f\u0131n\u0131 bir kez daha ortaya koydu\u011funa dikkat \u00e7ekti. Bu ter\u00f6r eylemlerinin, ter\u00f6r\u00fcn bir k\u0131s\u0131m devletlerin yanl\u0131\u015f politikalar\u0131yla birlikte belirli hedefler u\u011fruna ter\u00f6r\u00fc desteklemeleri ya da ter\u00f6re g\u00f6z yummalar\u0131 neticesinde geli\u015fip yay\u0131ld\u0131\u011f\u0131n\u0131n alt\u0131n\u0131 \u00e7izen yetkili kaynak; bu devletlerin sonu\u00e7 itibar\u0131yla Vahhabi ideolojiyi ta\u015f\u0131yan ve Kaide \u00d6rg\u00fct\u00fcnden t\u00fcreme ter\u00f6rist gruplara \u2018\u0131l\u0131ml\u0131 muhalifler\u2019 ya da silahl\u0131 muhalifler\u2019 ad\u0131n\u0131 verip onlar\u0131 me\u015frula\u015ft\u0131rma \u00e7abalar\u0131n\u0131n bir kez daha tehlikesini ortaya koydu\u011funu ifade etti.<\/p>\n<p>Yetkili kaynak be\u015f y\u0131ldan beri \u00e7okuluslu tekfirci ve kiral\u0131k ter\u00f6re kar\u015f\u0131 sava\u015fan Suriye&#8217;nin ter\u00f6re kar\u015f\u0131 m\u00fccadeleyle birlikte ter\u00f6r\u00fc destekleyen, himaye ve \u00f6rt\u00fc temin eden devletlere s\u0131n\u0131r koymada uluslar aras\u0131 ciddi ve d\u00fcr\u00fcst \u00e7abalar\u0131n yo\u011funla\u015ft\u0131r\u0131l\u0131p birle\u015ftirilmesine bir kez daha \u00e7a\u011fr\u0131 yapt\u0131\u011f\u0131n\u0131 ifade etti.<\/p>\n<p>Bel\u00e7ika\u2019n\u0131n ba\u015fkenti Br\u00fcksel&#8217;de havaalan\u0131 ve AB binas\u0131na yak\u0131n bir metro istasyonunda meydana gelen 3 ayr\u0131 bombal\u0131 ter\u00f6r eyleminde son bilan\u00e7oya g\u00f6re 34\u00a0ki\u015fi \u00f6l\u00fc, 200\u00a0ki\u015fi de yaral\u0131 d\u00fc\u015fm\u00fc\u015ft\u00fc.<\/p>\n","protected":false},"excerpt":{"rendered":"<p>\u015eAM \u2013 D\u0131\u015fi\u015fleri ve Gurbet\u00e7iler Bakanl\u0131\u011f\u0131nda yetkili bir kaynak Suriye Arap Cumhuriyetinin Bel\u00e7ika\u2019n\u0131n ba\u015fkenti Br\u00fcksel&#8217;de meydana gelen bombal\u0131 ter\u00f6r sald\u0131r\u0131lar\u0131n\u0131 keskin bir dille k\u0131nad\u0131\u011f\u0131n\u0131, kurbanlar\u0131n ailelerinin ac\u0131lar\u0131n\u0131 da payla\u015ft\u0131\u011f\u0131n\u0131 belirtti. Yetkili kaynak Br\u00fcksel&#8217;de bug\u00fcn meydana gelen ter\u00f6r eylemleriyle birlikte daha \u00f6nce Paris ve d\u00fcnyan\u0131n muhtelif devletlerinde meydana gelen ter\u00f6r eylemlerinin ter\u00f6r\u00fcn s\u0131n\u0131r ya da b\u00f6lge &hellip;<\/p>\n","protected":false},"author":1,"featured_media":54806,"comment_status":"closed","ping_status":"closed","sticky":false,"template":"","format":"standard","meta":{"footnotes":""},"categories":[479,17988,478],"tags":[19978,19979,19980,19429,19981],"class_list":["post-65964","post","type-post","status-publish","format-standard","has-post-thumbnail","","category-haberler-yerel","category-son-haberler","category-yerel","tag-brukselde-patlama","tag-brukselde-bombali-teror-eylemi","tag-disisleri-ve-gurbatciler-bakanligi","tag-teror-eylemi","tag-teror-saldirisi"],"_links":{"self":[{"href":"https:\/\/archive.sana.sy\/tr\/index.php?rest_route=\/wp\/v2\/posts\/65964","targetHints":{"allow":["GET"]}}],"collection":[{"href":"https:\/\/archive.sana.sy\/tr\/index.php?rest_route=\/wp\/v2\/posts"}],"about":[{"href":"https:\/\/archive.sana.sy\/tr\/index.php?rest_route=\/wp\/v2\/types\/post"}],"author":[{"embeddable":true,"href":"https:\/\/archive.sana.sy\/tr\/index.php?rest_route=\/wp\/v2\/users\/1"}],"replies":[{"embeddable":true,"href":"https:\/\/archive.sana.sy\/tr\/index.php?rest_route=%2Fwp%2Fv2%2Fcomments&post=65964"}],"version-history":[{"count":0,"href":"https:\/\/archive.sana.sy\/tr\/index.php?rest_route=\/wp\/v2\/posts\/65964\/revisions"}],"wp:featuredmedia":[{"embeddable":true,"href":"https:\/\/archive.sana.sy\/tr\/index.php?rest_route=\/wp\/v2\/media\/54806"}],"wp:attachment":[{"href":"https:\/\/archive.sana.sy\/tr\/index.php?rest_route=%2Fwp%2Fv2%2Fmedia&parent=65964"}],"wp:term":[{"taxonomy":"category","embeddable":true,"href":"https:\/\/archive.sana.sy\/tr\/index.php?rest_route=%2Fwp%2Fv2%2Fcategories&post=65964"},{"taxonomy":"post_tag","embeddable":true,"href":"https:\/\/archive.sana.sy\/tr\/index.php?rest_route=%2Fwp%2Fv2%2Ftags&post=65964"}],"curies":[{"name":"wp","href":"https:\/\/api.w.org\/{rel}","templated":true}]}}