{"id":65970,"date":"2016-03-22T08:06:20","date_gmt":"2016-03-22T06:06:20","guid":{"rendered":"http:\/\/sana.sy\/tr\/?p=65970"},"modified":"2016-03-22T17:00:34","modified_gmt":"2016-03-22T15:00:34","slug":"brukselde-olu-ve-yarali-bilancosu-yukseldi","status":"publish","type":"post","link":"https:\/\/archive.sana.sy\/tr\/?p=65970","title":{"rendered":"Br\u00fcksel&#8217;de \u00d6l\u00fc ve Yaral\u0131 Bilan\u00e7osu Y\u00fckseldi"},"content":{"rendered":"<p>BR\u00dcKSEL \u2013 Bel\u00e7ika\u2019n\u0131n ba\u015fkenti Br\u00fcksel&#8217;de bug\u00fcn havaalan\u0131 ve AB binas\u0131na yak\u0131n bir metro istasyonunda meydana gelen 3 ayr\u0131 bombal\u0131 ter\u00f6r eyleminde son bilan\u00e7oya g\u00f6re 34\u00a0ki\u015fi \u00f6ld\u00fc, 200\u2019e yak\u0131n ki\u015fi de yaraland\u0131.<\/p>\n<p>Bel\u00e7ika \u0130tfaiye Kurumu s\u00f6zc\u00fcs\u00fc FP\u2019nin aktard\u0131\u011f\u0131 a\u00e7\u0131klamalar\u0131nda; Br\u00fcksel Havaalan\u0131 giden yolcular\u0131n bekleme salonunda meydana gelen 2 bombal\u0131 eylemde 14 ki\u015finin \u00f6l\u00fc, 10&#8217;u a\u011f\u0131r olmak \u00fczere 96\u00a0ki\u015finin de yaral\u0131 d\u00fc\u015ft\u00fc\u011f\u00fcn\u00fc s\u00f6yledi. S\u00f6zc\u00fc Br\u00fcksel&#8217;de AB binas\u0131 yak\u0131nlar\u0131ndaki metro istasyonunda meydana gelen bombal\u0131 eylemde ise 20\u00a0ki\u015finin \u00f6l\u00fc, 106\u00a0ki\u015finin de yaral\u0131 d\u00fc\u015ft\u00fcklerini s\u00f6zlerine ekledi.<\/p>\n<p>Bel\u00e7ika Savc\u0131s\u0131 Havaalan\u0131nda meydana gelen bombal\u0131 ter\u00f6r eyleminin canl\u0131 bombayla d\u00fczenlendi\u011fini ifade ederken, g\u00f6rg\u00fc tan\u0131klar\u0131 patlama s\u0131ras\u0131nda silahl\u0131 sald\u0131r\u0131n\u0131n da oldu\u011funu s\u00f6yledi.<\/p>\n<p>Bombal\u0131 eylemler ard\u0131ndan Bel\u00e7ika otoriteleri metro ve havaalan\u0131 hareketinin tamamen durduruldu\u011funu ilan etti. Avrupa genelinde de t\u00fcm havaalanlar\u0131 ve metro istasyonlar\u0131nda ola\u011fan\u00fcst\u00fc g\u00fcvenlik \u00f6nlemleri al\u0131nd\u0131.<\/p>\n<p>I\u015e\u0130D ter\u00f6r \u00f6rg\u00fct\u00fc yay\u0131nlad\u0131\u011f\u0131 b\u00fcltende Br\u00fcksel sald\u0131r\u0131lar\u0131n\u0131 kendisinin d\u00fczenledi\u011fini a\u00e7\u0131klarken, daha fazla ter\u00f6r eylemlerinde bulunma tehdidinde bulundu.<\/p>\n<p>Bu arada I\u015e\u0130D dahil tekfirci ve kiral\u0131k ter\u00f6re muhtelif t\u00fcr s\u0131n\u0131rs\u0131z deste\u011fi ile bilinen Erdo\u011fan rejimi birka\u00e7 g\u00fcn \u00f6nce yapt\u0131\u011f\u0131 konu\u015fmada; \u00f6n\u00fcm\u00fczdeki g\u00fcnlerde Br\u00fcksel ya da Avrupa\u2019n\u0131n herhangi bir kentinin bombal\u0131 eylemlerden uzak olmad\u0131\u011f\u0131n\u0131 ifade etmi\u015fti.<\/p>\n","protected":false},"excerpt":{"rendered":"<p>BR\u00dcKSEL \u2013 Bel\u00e7ika\u2019n\u0131n ba\u015fkenti Br\u00fcksel&#8217;de bug\u00fcn havaalan\u0131 ve AB binas\u0131na yak\u0131n bir metro istasyonunda meydana gelen 3 ayr\u0131 bombal\u0131 ter\u00f6r eyleminde son bilan\u00e7oya g\u00f6re 34\u00a0ki\u015fi \u00f6ld\u00fc, 200\u2019e yak\u0131n ki\u015fi de yaraland\u0131. Bel\u00e7ika \u0130tfaiye Kurumu s\u00f6zc\u00fcs\u00fc FP\u2019nin aktard\u0131\u011f\u0131 a\u00e7\u0131klamalar\u0131nda; Br\u00fcksel Havaalan\u0131 giden yolcular\u0131n bekleme salonunda meydana gelen 2 bombal\u0131 eylemde 14 ki\u015finin \u00f6l\u00fc, 10&#8217;u a\u011f\u0131r olmak &hellip;<\/p>\n","protected":false},"author":1,"featured_media":65972,"comment_status":"closed","ping_status":"closed","sticky":false,"template":"","format":"standard","meta":{"footnotes":""},"categories":[458,459,17988],"tags":[19983],"class_list":["post-65970","post","type-post","status-publish","format-standard","has-post-thumbnail","","category-dunya1","category-haberler-arap-uluslararasi-politika","category-son-haberler","tag-brukselde-olu-ve-yarali-bilancosu-yukseldi"],"_links":{"self":[{"href":"https:\/\/archive.sana.sy\/tr\/index.php?rest_route=\/wp\/v2\/posts\/65970","targetHints":{"allow":["GET"]}}],"collection":[{"href":"https:\/\/archive.sana.sy\/tr\/index.php?rest_route=\/wp\/v2\/posts"}],"about":[{"href":"https:\/\/archive.sana.sy\/tr\/index.php?rest_route=\/wp\/v2\/types\/post"}],"author":[{"embeddable":true,"href":"https:\/\/archive.sana.sy\/tr\/index.php?rest_route=\/wp\/v2\/users\/1"}],"replies":[{"embeddable":true,"href":"https:\/\/archive.sana.sy\/tr\/index.php?rest_route=%2Fwp%2Fv2%2Fcomments&post=65970"}],"version-history":[{"count":0,"href":"https:\/\/archive.sana.sy\/tr\/index.php?rest_route=\/wp\/v2\/posts\/65970\/revisions"}],"wp:featuredmedia":[{"embeddable":true,"href":"https:\/\/archive.sana.sy\/tr\/index.php?rest_route=\/wp\/v2\/media\/65972"}],"wp:attachment":[{"href":"https:\/\/archive.sana.sy\/tr\/index.php?rest_route=%2Fwp%2Fv2%2Fmedia&parent=65970"}],"wp:term":[{"taxonomy":"category","embeddable":true,"href":"https:\/\/archive.sana.sy\/tr\/index.php?rest_route=%2Fwp%2Fv2%2Fcategories&post=65970"},{"taxonomy":"post_tag","embeddable":true,"href":"https:\/\/archive.sana.sy\/tr\/index.php?rest_route=%2Fwp%2Fv2%2Ftags&post=65970"}],"curies":[{"name":"wp","href":"https:\/\/api.w.org\/{rel}","templated":true}]}}