{"id":65974,"date":"2016-03-22T08:00:26","date_gmt":"2016-03-22T06:00:26","guid":{"rendered":"http:\/\/sana.sy\/tr\/?p=65974"},"modified":"2016-03-22T16:34:23","modified_gmt":"2016-03-22T14:34:23","slug":"lubnan-direnisi-isid-mevkilerini-top-atesine-tuttu","status":"publish","type":"post","link":"https:\/\/archive.sana.sy\/tr\/?p=65974","title":{"rendered":"L\u00fcbnan Direni\u015fi I\u015e\u0130D Mevkilerini Top Ate\u015fine Tuttu"},"content":{"rendered":"<p>BEYRUT \u2013 L\u00fcbnan ulusal direni\u015f g\u00fc\u00e7leri bug\u00fcn erken saatlerde I\u015e\u0130D\u2019in Ras Bealbek Da\u011flar\u0131n\u0131n Kehf ve Sahric b\u00f6lgelerindeki hareket ve karargahlar\u0131n\u0131 tespit ederek a\u011f\u0131r top ate\u015fine tuttu.<\/p>\n<p>L\u00fcbnanLI Menar Televizyonu direni\u015f g\u00fc\u00e7lerinin a\u011f\u0131r top ate\u015fine tuttuklar\u0131 tekfircilerin saflar\u0131nda direk isabetlerin meydana geldi\u011fini ifade etti.<\/p>\n<p>Direni\u015f g\u00fc\u00e7leri bu ay\u0131n ba\u015flar\u0131nda ayn\u0131 b\u00f6lgede I\u015e\u0130D\u2019in bir z\u0131rhl\u0131 arac\u0131n\u0131 5 ter\u00f6ristle birlikte imha etmi\u015flerdi.<\/p>\n","protected":false},"excerpt":{"rendered":"<p>BEYRUT \u2013 L\u00fcbnan ulusal direni\u015f g\u00fc\u00e7leri bug\u00fcn erken saatlerde I\u015e\u0130D\u2019in Ras Bealbek Da\u011flar\u0131n\u0131n Kehf ve Sahric b\u00f6lgelerindeki hareket ve karargahlar\u0131n\u0131 tespit ederek a\u011f\u0131r top ate\u015fine tuttu. L\u00fcbnanLI Menar Televizyonu direni\u015f g\u00fc\u00e7lerinin a\u011f\u0131r top ate\u015fine tuttuklar\u0131 tekfircilerin saflar\u0131nda direk isabetlerin meydana geldi\u011fini ifade etti. Direni\u015f g\u00fc\u00e7leri bu ay\u0131n ba\u015flar\u0131nda ayn\u0131 b\u00f6lgede I\u015e\u0130D\u2019in bir z\u0131rhl\u0131 arac\u0131n\u0131 5 &hellip;<\/p>\n","protected":false},"author":1,"featured_media":65976,"comment_status":"closed","ping_status":"closed","sticky":false,"template":"","format":"standard","meta":{"footnotes":""},"categories":[458,459,17988],"tags":[19985,19722,19984,19987,19986],"class_list":["post-65974","post","type-post","status-publish","format-standard","has-post-thumbnail","","category-dunya1","category-haberler-arap-uluslararasi-politika","category-son-haberler","tag-belabek","tag-hizbullah","tag-lubnan-direnis-gucleri","tag-lubnan-direnisi-isid-mevkilerini-top-atesine-tuttu","tag-reas-bealbek"],"_links":{"self":[{"href":"https:\/\/archive.sana.sy\/tr\/index.php?rest_route=\/wp\/v2\/posts\/65974","targetHints":{"allow":["GET"]}}],"collection":[{"href":"https:\/\/archive.sana.sy\/tr\/index.php?rest_route=\/wp\/v2\/posts"}],"about":[{"href":"https:\/\/archive.sana.sy\/tr\/index.php?rest_route=\/wp\/v2\/types\/post"}],"author":[{"embeddable":true,"href":"https:\/\/archive.sana.sy\/tr\/index.php?rest_route=\/wp\/v2\/users\/1"}],"replies":[{"embeddable":true,"href":"https:\/\/archive.sana.sy\/tr\/index.php?rest_route=%2Fwp%2Fv2%2Fcomments&post=65974"}],"version-history":[{"count":0,"href":"https:\/\/archive.sana.sy\/tr\/index.php?rest_route=\/wp\/v2\/posts\/65974\/revisions"}],"wp:featuredmedia":[{"embeddable":true,"href":"https:\/\/archive.sana.sy\/tr\/index.php?rest_route=\/wp\/v2\/media\/65976"}],"wp:attachment":[{"href":"https:\/\/archive.sana.sy\/tr\/index.php?rest_route=%2Fwp%2Fv2%2Fmedia&parent=65974"}],"wp:term":[{"taxonomy":"category","embeddable":true,"href":"https:\/\/archive.sana.sy\/tr\/index.php?rest_route=%2Fwp%2Fv2%2Fcategories&post=65974"},{"taxonomy":"post_tag","embeddable":true,"href":"https:\/\/archive.sana.sy\/tr\/index.php?rest_route=%2Fwp%2Fv2%2Ftags&post=65974"}],"curies":[{"name":"wp","href":"https:\/\/api.w.org\/{rel}","templated":true}]}}