{"id":65978,"date":"2016-03-22T11:45:23","date_gmt":"2016-03-22T09:45:23","guid":{"rendered":"http:\/\/sana.sy\/tr\/?p=65978"},"modified":"2016-03-22T15:19:13","modified_gmt":"2016-03-22T13:19:13","slug":"hava-guclerimiz-dera-kirsalinin-kuzeybatisi-hrab-el-sahm-beldesinin-batisinda-isid-orgutune-tabi-yermuk-sehitleri-tumeninin-karargah-ve-araclarini-muhtevalariyla-imha-ederek-tekfirc","status":"publish","type":"post","link":"https:\/\/archive.sana.sy\/tr\/?p=65978","title":{"rendered":"Hava g\u00fc\u00e7lerimiz Dera k\u0131rsal\u0131n\u0131n kuzeybat\u0131s\u0131 Hrab el \u015eahm Beldesinin bat\u0131s\u0131nda I\u015e\u0130D \u00d6rg\u00fct\u00fcne tabi \u2018Yerm\u00fck \u015eehitleri T\u00fcmeni\u2019nin karargah ve ara\u00e7lar\u0131n\u0131 muhtevalar\u0131yla imha ederek, tekfircileri say\u0131 ve ara\u00e7lar\u0131yla ciddi kay\u0131plara u\u011fratt\u0131"},"content":{"rendered":"<p>Hava g\u00fc\u00e7lerimiz Dera k\u0131rsal\u0131n\u0131n kuzeybat\u0131s\u0131 Hrab el \u015eahm Beldesinin bat\u0131s\u0131nda I\u015e\u0130D \u00d6rg\u00fct\u00fcne tabi \u2018Yerm\u00fck \u015eehitleri T\u00fcmeni\u2019nin karargah ve ara\u00e7lar\u0131n\u0131 muhtevalar\u0131yla imha ederek, tekfircileri say\u0131 ve ara\u00e7lar\u0131yla ciddi kay\u0131plara u\u011fratt\u0131<\/p>\n","protected":false},"excerpt":{"rendered":"<p>Hava g\u00fc\u00e7lerimiz Dera k\u0131rsal\u0131n\u0131n kuzeybat\u0131s\u0131 Hrab el \u015eahm Beldesinin bat\u0131s\u0131nda I\u015e\u0130D \u00d6rg\u00fct\u00fcne tabi \u2018Yerm\u00fck \u015eehitleri T\u00fcmeni\u2019nin karargah ve ara\u00e7lar\u0131n\u0131 muhtevalar\u0131yla imha ederek, tekfircileri say\u0131 ve ara\u00e7lar\u0131yla ciddi kay\u0131plara u\u011fratt\u0131<\/p>\n","protected":false},"author":1,"featured_media":65979,"comment_status":"closed","ping_status":"closed","sticky":false,"template":"","format":"standard","meta":{"footnotes":""},"categories":[17991],"tags":[],"class_list":["post-65978","post","type-post","status-publish","format-standard","has-post-thumbnail","","category-son-dakika"],"_links":{"self":[{"href":"https:\/\/archive.sana.sy\/tr\/index.php?rest_route=\/wp\/v2\/posts\/65978","targetHints":{"allow":["GET"]}}],"collection":[{"href":"https:\/\/archive.sana.sy\/tr\/index.php?rest_route=\/wp\/v2\/posts"}],"about":[{"href":"https:\/\/archive.sana.sy\/tr\/index.php?rest_route=\/wp\/v2\/types\/post"}],"author":[{"embeddable":true,"href":"https:\/\/archive.sana.sy\/tr\/index.php?rest_route=\/wp\/v2\/users\/1"}],"replies":[{"embeddable":true,"href":"https:\/\/archive.sana.sy\/tr\/index.php?rest_route=%2Fwp%2Fv2%2Fcomments&post=65978"}],"version-history":[{"count":0,"href":"https:\/\/archive.sana.sy\/tr\/index.php?rest_route=\/wp\/v2\/posts\/65978\/revisions"}],"wp:featuredmedia":[{"embeddable":true,"href":"https:\/\/archive.sana.sy\/tr\/index.php?rest_route=\/wp\/v2\/media\/65979"}],"wp:attachment":[{"href":"https:\/\/archive.sana.sy\/tr\/index.php?rest_route=%2Fwp%2Fv2%2Fmedia&parent=65978"}],"wp:term":[{"taxonomy":"category","embeddable":true,"href":"https:\/\/archive.sana.sy\/tr\/index.php?rest_route=%2Fwp%2Fv2%2Fcategories&post=65978"},{"taxonomy":"post_tag","embeddable":true,"href":"https:\/\/archive.sana.sy\/tr\/index.php?rest_route=%2Fwp%2Fv2%2Ftags&post=65978"}],"curies":[{"name":"wp","href":"https:\/\/api.w.org\/{rel}","templated":true}]}}