{"id":66017,"date":"2016-03-22T08:08:22","date_gmt":"2016-03-22T06:08:22","guid":{"rendered":"http:\/\/sana.sy\/tr\/?p=66017"},"modified":"2016-03-23T19:19:16","modified_gmt":"2016-03-23T17:19:16","slug":"tehcir-edilenleri-koruyacak-kanun-hazirlaniyor","status":"publish","type":"post","link":"https:\/\/archive.sana.sy\/tr\/?p=66017","title":{"rendered":"Tehcir Edilenleri Koruyacak Kanun Haz\u0131rlan\u0131yor"},"content":{"rendered":"<p>\u015eAM \u2013 Adalet Bakan\u0131 necm Hamad el Ahmet tehcir edilen vatanda\u015flar\u0131n yasad\u0131\u015f\u0131 yollarla yurtd\u0131\u015f\u0131na \u00e7\u0131kar\u0131lmalar\u0131 ve bu ama\u00e7l\u0131 reklamlarla m\u00fccadelenin yan\u0131 s\u0131ra bu vatanda\u015flar\u0131n yurtd\u0131\u015f\u0131nda sald\u0131r\u0131lardan korunmalar\u0131n\u0131 ama\u00e7layan \u00f6zel bir kanun tasar\u0131s\u0131n\u0131 haz\u0131rlayacak uzman bir komitenin te\u015fkil edilmesini \u00f6ng\u00f6ren bir karar\u0131 onaylad\u0131.<\/p>\n<p>Bir n\u00fcshas\u0131 SANA\u2019ya ula\u015ft\u0131r\u0131lan karar kapsam\u0131nda te\u015fkil edilen komite Adalet Bakan\u0131 Yard\u0131mc\u0131s\u0131 Seher Ekka\u015f ba\u015fkanl\u0131\u011f\u0131nda te\u015fkil edilirken Adalet Bakanl\u0131\u011f\u0131, D\u0131\u015fi\u015fleri ve Gurbet\u00e7iler Bakanl\u0131\u011f\u0131, \u0130\u00e7i\u015fleri Bakanl\u0131\u011f\u0131 ve Barolar Birli\u011finden temsilcilerin \u00fcyeli\u011finden olu\u015fuyor. Komitenin karar gere\u011fince g\u00f6revini maksimum iki ayl\u0131k s\u00fcre i\u00e7inde tamamlamas\u0131 bekleniyor.<\/p>\n","protected":false},"excerpt":{"rendered":"<p>\u015eAM \u2013 Adalet Bakan\u0131 necm Hamad el Ahmet tehcir edilen vatanda\u015flar\u0131n yasad\u0131\u015f\u0131 yollarla yurtd\u0131\u015f\u0131na \u00e7\u0131kar\u0131lmalar\u0131 ve bu ama\u00e7l\u0131 reklamlarla m\u00fccadelenin yan\u0131 s\u0131ra bu vatanda\u015flar\u0131n yurtd\u0131\u015f\u0131nda sald\u0131r\u0131lardan korunmalar\u0131n\u0131 ama\u00e7layan \u00f6zel bir kanun tasar\u0131s\u0131n\u0131 haz\u0131rlayacak uzman bir komitenin te\u015fkil edilmesini \u00f6ng\u00f6ren bir karar\u0131 onaylad\u0131. Bir n\u00fcshas\u0131 SANA\u2019ya ula\u015ft\u0131r\u0131lan karar kapsam\u0131nda te\u015fkil edilen komite Adalet Bakan\u0131 Yard\u0131mc\u0131s\u0131 Seher &hellip;<\/p>\n","protected":false},"author":1,"featured_media":65979,"comment_status":"closed","ping_status":"closed","sticky":false,"template":"","format":"standard","meta":{"footnotes":""},"categories":[479,17988,478],"tags":[18431,19991,19992,19990,18442,18708],"class_list":["post-66017","post","type-post","status-publish","format-standard","has-post-thumbnail","","category-haberler-yerel","category-son-haberler","category-yerel","tag-adalet-bakanligi","tag-gayri-mesru-multeciler","tag-kanun-tasarisi","tag-multeci-haklari","tag-suriyeli-multeciler","tag-tehcir-edilenler"],"_links":{"self":[{"href":"https:\/\/archive.sana.sy\/tr\/index.php?rest_route=\/wp\/v2\/posts\/66017","targetHints":{"allow":["GET"]}}],"collection":[{"href":"https:\/\/archive.sana.sy\/tr\/index.php?rest_route=\/wp\/v2\/posts"}],"about":[{"href":"https:\/\/archive.sana.sy\/tr\/index.php?rest_route=\/wp\/v2\/types\/post"}],"author":[{"embeddable":true,"href":"https:\/\/archive.sana.sy\/tr\/index.php?rest_route=\/wp\/v2\/users\/1"}],"replies":[{"embeddable":true,"href":"https:\/\/archive.sana.sy\/tr\/index.php?rest_route=%2Fwp%2Fv2%2Fcomments&post=66017"}],"version-history":[{"count":0,"href":"https:\/\/archive.sana.sy\/tr\/index.php?rest_route=\/wp\/v2\/posts\/66017\/revisions"}],"wp:featuredmedia":[{"embeddable":true,"href":"https:\/\/archive.sana.sy\/tr\/index.php?rest_route=\/wp\/v2\/media\/65979"}],"wp:attachment":[{"href":"https:\/\/archive.sana.sy\/tr\/index.php?rest_route=%2Fwp%2Fv2%2Fmedia&parent=66017"}],"wp:term":[{"taxonomy":"category","embeddable":true,"href":"https:\/\/archive.sana.sy\/tr\/index.php?rest_route=%2Fwp%2Fv2%2Fcategories&post=66017"},{"taxonomy":"post_tag","embeddable":true,"href":"https:\/\/archive.sana.sy\/tr\/index.php?rest_route=%2Fwp%2Fv2%2Ftags&post=66017"}],"curies":[{"name":"wp","href":"https:\/\/api.w.org\/{rel}","templated":true}]}}