{"id":66022,"date":"2016-03-22T16:34:48","date_gmt":"2016-03-22T14:34:48","guid":{"rendered":"http:\/\/sana.sy\/tr\/?p=66022"},"modified":"2016-03-23T19:19:05","modified_gmt":"2016-03-23T17:19:05","slug":"haseke-vatanin-bolunmez-butunlugunun-bir-parcasidir","status":"publish","type":"post","link":"https:\/\/archive.sana.sy\/tr\/?p=66022","title":{"rendered":"Haseke, Vatan\u0131n B\u00f6l\u00fcnmez B\u00fct\u00fcnl\u00fc\u011f\u00fcn\u00fcn Bir Par\u00e7as\u0131d\u0131r"},"content":{"rendered":"<p>\u015eAM \u2013 H\u00fck\u00fcmet bug\u00fcn ba\u015fkan\u0131 Vail el Halaki ba\u015fkanl\u0131\u011f\u0131nda d\u00fczenledi\u011fi ola\u011fan haftal\u0131k toplant\u0131s\u0131nda; idari birimlere ili\u015fkin mali kanunun yeniden d\u00fczenlenmesiyle ilgili kanun tasar\u0131s\u0131n\u0131 tart\u0131\u015fmay\u0131 tamamlad\u0131.<\/p>\n<p>Oturumda konu\u015fan Ba\u015fbakan Halaki idari birimlere ili\u015fkin mali kanunun yeniden d\u00fczenlenmesinin bu birimlerin gelirleriyle ilgili kanun ve d\u00fczenlemeleri birle\u015ftirmekle birlikte vatanda\u015flara hizmet kalitelerini nitelik ve nicelik a\u00e7\u0131s\u0131ndan peki\u015ftirecek yeni kaynaklar temin etmesine katk\u0131 sa\u011flayaca\u011f\u0131n\u0131 belirtti. Halaki yeni kanun tasar\u0131s\u0131yla idari birimlerin \u00e7al\u0131\u015fma ve faaliyetlerini geni\u015fletmelerine, rol ve sorumluluklar\u0131n\u0131 artt\u0131raca\u011f\u0131n\u0131 s\u00f6yledi.<\/p>\n<p><img loading=\"lazy\" decoding=\"async\" class=\"alignright wp-image-66024 size-medium\" src=\"http:\/\/sana.sy\/tr\/wp-content\/uploads\/2016\/03\/1-34-300x199.jpg\" alt=\"1\" width=\"300\" height=\"199\" srcset=\"https:\/\/archive.sana.sy\/tr\/wp-content\/uploads\/2016\/03\/1-34-300x199.jpg 300w, https:\/\/archive.sana.sy\/tr\/wp-content\/uploads\/2016\/03\/1-34-150x99.jpg 150w, https:\/\/archive.sana.sy\/tr\/wp-content\/uploads\/2016\/03\/1-34-768x508.jpg 768w, https:\/\/archive.sana.sy\/tr\/wp-content\/uploads\/2016\/03\/1-34-1024x678.jpg 1024w, https:\/\/archive.sana.sy\/tr\/wp-content\/uploads\/2016\/03\/1-34-310x205.jpg 310w\" sizes=\"auto, (max-width: 300px) 100vw, 300px\" \/>Ekonomik durum konusunda ise Ba\u015fbakan Halaki Suriye liras\u0131n\u0131n de\u011ferini tehdit eden durumlar ve lira de\u011ferinin korunmas\u0131 amac\u0131yla harcanan \u00e7abalara \u0131\u015f\u0131k tutarken, h\u00fck\u00fcmetin enerji dahil vatanda\u015flar\u0131n temel gereksinimlerindeki t\u00fcketim maddelerini desteklemeye devam edece\u011fini belirtti.<\/p>\n<p>Halaki ticari faaliyetlerin son zamanlarda y\u00fckseli\u015f trendine tan\u0131k oldu\u011funa dikkat \u00e7ekerken, piyasadaki do\u011falgaz eksikli\u011finin giderilmesi i\u00e7in Petrol Bakanl\u0131\u011f\u0131na tabi \u015firketlerle \u00fcretimlerini artt\u0131rma talimatlar\u0131 verildi\u011fini s\u00f6yledi.<\/p>\n<p>19 \u2013 20 mart tarihleri aras\u0131nda \u015eam\u2019da d\u00fczenlenen Direni\u015f Se\u00e7ene\u011fine Destek Arap \u0130slami Toplulu\u011fu forumu konusunda ise Halaki; bu forumun \u015eam\u2019da d\u00fczenlenmesinin ta\u015f\u0131d\u0131\u011f\u0131 \u00f6nem ve anlama dikkat \u00e7ekti.<\/p>\n<p>Di\u011fer yandan Ba\u015fbakan Halaki Haseke ve yurdun muhtelif b\u00f6lgelerinde \u2018Kuzey Suriye Federalli\u011fi\u2019 ad\u0131 alt\u0131nda yap\u0131lan ilana kar\u015f\u0131 tutumlar\u0131n\u0131 ifade eden a\u015firet ve kabile ba\u015fkanlar\u0131 ve \u015feyhlerinin yan\u0131 s\u0131ra siyasi, sosyal ve daha muhtelif faaliyetlere takdirlerini ifade etti. Halaki Suriye&#8217;nin toprak ve halk b\u00fct\u00fcnl\u00fc\u011f\u00fcn\u00fcn b\u00f6l\u00fcnmez oldu\u011funu, be\u015f y\u0131ld\u0131r s\u00f6m\u00fcr\u00fc ve hegemonya planlar\u0131na kar\u015f\u0131 verilen sava\u015fta \u015fehit kanlar\u0131m\u0131z\u0131n heder olmas\u0131na izin verilmeyece\u011finin alt\u0131n\u0131 \u00e7izdi.<\/p>\n<p>Suriye halk\u0131, h\u00fck\u00fcmeti ve ordusunun vatan topraklar\u0131n\u0131n hi\u00e7bir kar\u0131\u015f topra\u011f\u0131ndan kesinlikle \u00f6d\u00fcn vermeyece\u011finin alt\u0131n\u0131 \u00e7izen Ba\u015fbakan Halaki; Haseke \u0130linin de bu vatan\u0131n b\u00f6l\u00fcnmez b\u00fct\u00fcnl\u00fc\u011f\u00fcn\u00fcn bir par\u00e7as\u0131 oldu\u011funa vurgu yapt\u0131.<\/p>\n<p>Ba\u015fbakan Halaki\u2019nin konu\u015fmas\u0131 ard\u0131ndan h\u00fck\u00fcmet oturum g\u00fcndemini tart\u0131\u015farak bir k\u0131s\u0131m meselelere ili\u015fkin kararlar onaylad\u0131.<\/p>\n","protected":false},"excerpt":{"rendered":"<p>\u015eAM \u2013 H\u00fck\u00fcmet bug\u00fcn ba\u015fkan\u0131 Vail el Halaki ba\u015fkanl\u0131\u011f\u0131nda d\u00fczenledi\u011fi ola\u011fan haftal\u0131k toplant\u0131s\u0131nda; idari birimlere ili\u015fkin mali kanunun yeniden d\u00fczenlenmesiyle ilgili kanun tasar\u0131s\u0131n\u0131 tart\u0131\u015fmay\u0131 tamamlad\u0131. Oturumda konu\u015fan Ba\u015fbakan Halaki idari birimlere ili\u015fkin mali kanunun yeniden d\u00fczenlenmesinin bu birimlerin gelirleriyle ilgili kanun ve d\u00fczenlemeleri birle\u015ftirmekle birlikte vatanda\u015flara hizmet kalitelerini nitelik ve nicelik a\u00e7\u0131s\u0131ndan peki\u015ftirecek yeni kaynaklar &hellip;<\/p>\n","protected":false},"author":1,"featured_media":66023,"comment_status":"closed","ping_status":"closed","sticky":false,"template":"","format":"standard","meta":{"footnotes":""},"categories":[479,17988,478],"tags":[],"class_list":["post-66022","post","type-post","status-publish","format-standard","has-post-thumbnail","","category-haberler-yerel","category-son-haberler","category-yerel"],"_links":{"self":[{"href":"https:\/\/archive.sana.sy\/tr\/index.php?rest_route=\/wp\/v2\/posts\/66022","targetHints":{"allow":["GET"]}}],"collection":[{"href":"https:\/\/archive.sana.sy\/tr\/index.php?rest_route=\/wp\/v2\/posts"}],"about":[{"href":"https:\/\/archive.sana.sy\/tr\/index.php?rest_route=\/wp\/v2\/types\/post"}],"author":[{"embeddable":true,"href":"https:\/\/archive.sana.sy\/tr\/index.php?rest_route=\/wp\/v2\/users\/1"}],"replies":[{"embeddable":true,"href":"https:\/\/archive.sana.sy\/tr\/index.php?rest_route=%2Fwp%2Fv2%2Fcomments&post=66022"}],"version-history":[{"count":0,"href":"https:\/\/archive.sana.sy\/tr\/index.php?rest_route=\/wp\/v2\/posts\/66022\/revisions"}],"wp:featuredmedia":[{"embeddable":true,"href":"https:\/\/archive.sana.sy\/tr\/index.php?rest_route=\/wp\/v2\/media\/66023"}],"wp:attachment":[{"href":"https:\/\/archive.sana.sy\/tr\/index.php?rest_route=%2Fwp%2Fv2%2Fmedia&parent=66022"}],"wp:term":[{"taxonomy":"category","embeddable":true,"href":"https:\/\/archive.sana.sy\/tr\/index.php?rest_route=%2Fwp%2Fv2%2Fcategories&post=66022"},{"taxonomy":"post_tag","embeddable":true,"href":"https:\/\/archive.sana.sy\/tr\/index.php?rest_route=%2Fwp%2Fv2%2Ftags&post=66022"}],"curies":[{"name":"wp","href":"https:\/\/api.w.org\/{rel}","templated":true}]}}