{"id":66026,"date":"2016-03-22T10:30:04","date_gmt":"2016-03-22T08:30:04","guid":{"rendered":"http:\/\/sana.sy\/tr\/?p=66026"},"modified":"2016-03-23T19:19:13","modified_gmt":"2016-03-23T17:19:13","slug":"bolucu-ve-provokator-adimlar-yerine-birlik-beraberligin-pekistirilmesine-cagirdi","status":"publish","type":"post","link":"https:\/\/archive.sana.sy\/tr\/?p=66026","title":{"rendered":"B\u00f6l\u00fcc\u00fc ve Provokat\u00f6r Ad\u0131mlar Yerine Birlik Beraberli\u011fin Peki\u015ftirilmesine \u00c7a\u011f\u0131rd\u0131"},"content":{"rendered":"<p>HASEKE \u2013 Haseke iline tabi Kam\u0131\u015fl\u0131 Kentinde Ulusal Birlik Toplulu\u011fu bir s\u00fcre \u00f6nce Haseke k\u0131rsal\u0131n\u0131n Rmeylan B\u00f6lgesinde \u2018Kuzey Suriye Federalli\u011fi\u2019 ad\u0131 alt\u0131nda yap\u0131lan ilan\u0131 \u015feklen ve i\u00e7erik olarak mutlak bir \u015fekilde reddettiklerini vurgulad\u0131.<\/p>\n<p><a href=\"http:\/\/sana.sy\/tr\/wp-content\/uploads\/2016\/03\/Kam\u0131\u015fl\u0131-1-1.jpg\"><img loading=\"lazy\" decoding=\"async\" class=\"alignright wp-image-66027 size-medium\" src=\"http:\/\/sana.sy\/tr\/wp-content\/uploads\/2016\/03\/Kam\u0131\u015fl\u0131-1-1-300x225.jpg\" alt=\"Kam\u0131\u015fl\u0131 1\" width=\"300\" height=\"225\" srcset=\"https:\/\/archive.sana.sy\/tr\/wp-content\/uploads\/2016\/03\/Kam\u0131\u015fl\u0131-1-1-300x225.jpg 300w, https:\/\/archive.sana.sy\/tr\/wp-content\/uploads\/2016\/03\/Kam\u0131\u015fl\u0131-1-1-150x113.jpg 150w, https:\/\/archive.sana.sy\/tr\/wp-content\/uploads\/2016\/03\/Kam\u0131\u015fl\u0131-1-1-768x576.jpg 768w, https:\/\/archive.sana.sy\/tr\/wp-content\/uploads\/2016\/03\/Kam\u0131\u015fl\u0131-1-1.jpg 960w\" sizes=\"auto, (max-width: 300px) 100vw, 300px\" \/><\/a>Y\u00fczlerce ayd\u0131n, d\u00fc\u015f\u00fcn\u00fcr, politikac\u0131 ve sanat\u00e7\u0131n\u0131n yan\u0131 s\u0131ra halk \u00f6rg\u00fctler, sosyal faaliyet ve sivil toplum kurumlar\u0131 kapsayan topluluk bug\u00fcn Kam\u0131\u015fl\u0131 Kentindeki K\u00fclt\u00fcr Merkezinde d\u00fczenledikleri toplant\u0131da s\u00f6z konusu ilan\u0131 Suriye ve halk\u0131na y\u00f6nelik d\u00fc\u015fmanc\u0131 planlar\u0131n bir par\u00e7as\u0131 ifade ederek Suriye anayasas\u0131 ve kanunlar\u0131na da ayk\u0131r\u0131 d\u00fc\u015ft\u00fc\u011f\u00fcn\u00fc vurgulad\u0131. Topluluk Suriye&#8217;nin toprak ve halk b\u00fct\u00fcnl\u00fc\u011f\u00fcn\u00fc tehdit eden b\u00f6l\u00fcc\u00fc bir ilan olarak nitelendirdikleri bu ad\u0131m\u0131n, Suriye ve halk\u0131n\u0131n b\u00f6lgesel ve evrensel d\u00fc\u015fmanlar\u0131na hizmet etti\u011fini ifade etti.<\/p>\n<p>Topluluk ilan\u0131n sadece ve sadece kendilerini temsil eden ve geni\u015f bir halk taban\u0131na sahip olmayan hayalperest \u015fahsiyetleri temsil etti\u011fine dikkat \u00e7ekerek, muhtelif bile\u015fenleriyle ayr\u0131 bir zenginlik ve g\u00fczellik kazanan Suriye halk\u0131n\u0131n birlik beraberlik i\u00e7inde Suriye bayra\u011f\u0131n\u0131n alt\u0131nda vatan\u0131 savunaca\u011f\u0131n\u0131 ifade etti.<\/p>\n<p>Ter\u00f6re ve herhangi bir d\u00fc\u015fmanc\u0131 ad\u0131ma kar\u015f\u0131 Suriye ordusuna tam ve mutlak desteklerini ifade eden topluluk, Suriye halk\u0131, kurumlar\u0131, ve egemenli\u011finin yegane garantisinin Suriye ordusu oldu\u011funu ifade etti. Topluluk mevcut ko\u015fullar i\u00e7inde vatan\u0131 ter\u00f6re ve d\u0131\u015f d\u00fc\u015fmanlara kar\u015f\u0131 savunman\u0131n temel \u00f6ncelik oldu\u011funun alt\u0131n\u0131 \u00e7izerken, b\u00f6l\u00fcc\u00fc ve provokat\u00f6r ad\u0131mlar yerine herkesi vatan\u0131n egemenli\u011fini, birlik ve beraberli\u011fini savunma \u00e7abalar\u0131na kat\u0131lmalar\u0131na \u00e7a\u011f\u0131rd\u0131.<\/p>\n","protected":false},"excerpt":{"rendered":"<p>HASEKE \u2013 Haseke iline tabi Kam\u0131\u015fl\u0131 Kentinde Ulusal Birlik Toplulu\u011fu bir s\u00fcre \u00f6nce Haseke k\u0131rsal\u0131n\u0131n Rmeylan B\u00f6lgesinde \u2018Kuzey Suriye Federalli\u011fi\u2019 ad\u0131 alt\u0131nda yap\u0131lan ilan\u0131 \u015feklen ve i\u00e7erik olarak mutlak bir \u015fekilde reddettiklerini vurgulad\u0131. Y\u00fczlerce ayd\u0131n, d\u00fc\u015f\u00fcn\u00fcr, politikac\u0131 ve sanat\u00e7\u0131n\u0131n yan\u0131 s\u0131ra halk \u00f6rg\u00fctler, sosyal faaliyet ve sivil toplum kurumlar\u0131 kapsayan topluluk bug\u00fcn Kam\u0131\u015fl\u0131 Kentindeki K\u00fclt\u00fcr &hellip;<\/p>\n","protected":false},"author":1,"featured_media":66028,"comment_status":"closed","ping_status":"closed","sticky":false,"template":"","format":"standard","meta":{"footnotes":""},"categories":[479,17988,478],"tags":[],"class_list":["post-66026","post","type-post","status-publish","format-standard","has-post-thumbnail","","category-haberler-yerel","category-son-haberler","category-yerel"],"_links":{"self":[{"href":"https:\/\/archive.sana.sy\/tr\/index.php?rest_route=\/wp\/v2\/posts\/66026","targetHints":{"allow":["GET"]}}],"collection":[{"href":"https:\/\/archive.sana.sy\/tr\/index.php?rest_route=\/wp\/v2\/posts"}],"about":[{"href":"https:\/\/archive.sana.sy\/tr\/index.php?rest_route=\/wp\/v2\/types\/post"}],"author":[{"embeddable":true,"href":"https:\/\/archive.sana.sy\/tr\/index.php?rest_route=\/wp\/v2\/users\/1"}],"replies":[{"embeddable":true,"href":"https:\/\/archive.sana.sy\/tr\/index.php?rest_route=%2Fwp%2Fv2%2Fcomments&post=66026"}],"version-history":[{"count":0,"href":"https:\/\/archive.sana.sy\/tr\/index.php?rest_route=\/wp\/v2\/posts\/66026\/revisions"}],"wp:featuredmedia":[{"embeddable":true,"href":"https:\/\/archive.sana.sy\/tr\/index.php?rest_route=\/wp\/v2\/media\/66028"}],"wp:attachment":[{"href":"https:\/\/archive.sana.sy\/tr\/index.php?rest_route=%2Fwp%2Fv2%2Fmedia&parent=66026"}],"wp:term":[{"taxonomy":"category","embeddable":true,"href":"https:\/\/archive.sana.sy\/tr\/index.php?rest_route=%2Fwp%2Fv2%2Fcategories&post=66026"},{"taxonomy":"post_tag","embeddable":true,"href":"https:\/\/archive.sana.sy\/tr\/index.php?rest_route=%2Fwp%2Fv2%2Ftags&post=66026"}],"curies":[{"name":"wp","href":"https:\/\/api.w.org\/{rel}","templated":true}]}}