{"id":66030,"date":"2016-03-22T16:54:51","date_gmt":"2016-03-22T14:54:51","guid":{"rendered":"http:\/\/sana.sy\/tr\/?p=66030"},"modified":"2016-03-23T15:32:38","modified_gmt":"2016-03-23T13:32:38","slug":"adlarinda-farkli-ozlerinde-ayni-teror-orgutlere-yonelik-operasyonlar-amansiz-suruyor-2","status":"publish","type":"post","link":"https:\/\/archive.sana.sy\/tr\/?p=66030","title":{"rendered":"Adlar\u0131nda Farkl\u0131 \u00d6zlerinde Ayn\u0131 Ter\u00f6r \u00d6rg\u00fctlere Y\u00f6nelik Operasyonlar Amans\u0131z S\u00fcr\u00fcyor (video)"},"content":{"rendered":"<p>\u0130LLER \u2013 Ordu birliklerimiz hava g\u00fc\u00e7lerimizin deste\u011fi ile muhtelif b\u00f6lgelerde adlar\u0131nda farkl\u0131 fakat ama\u00e7 ve \u00f6zlerinde ayn\u0131 olan ter\u00f6ristleri be\u015feri ve lojistik b\u00fcy\u00fck kay\u0131plara u\u011fratmaya devam ediyor.<\/p>\n<p><span style=\"color: #0000ff\">DERA:<\/span><\/p>\n<p>SANA\u2019ya a\u00e7\u0131klama yapan askeri kaynak; hava g\u00fc\u00e7lerimizden destek alan ordu birliklerimizin Dera k\u0131rsal\u0131n\u0131n kuzeybat\u0131s\u0131 Hrab el \u015eahm Beldesinin bat\u0131s\u0131nda I\u015e\u0130D \u00d6rg\u00fct\u00fcne tabi \u2018Yerm\u00fck \u015eehitleri T\u00fcmeni\u2019nin karargah ve ara\u00e7lar\u0131n\u0131 muhtevalar\u0131yla imha ederek, tekfircileri say\u0131 ve ara\u00e7lar\u0131yla ciddi kay\u0131plara u\u011fratt\u0131klar\u0131n\u0131 ifade etti.<\/p>\n<p>Bu arada Nusra Cephesi \u00d6rg\u00fct\u00fcn\u00fcn Dera k\u0131rsal\u0131n\u0131n bat\u0131s\u0131 Tel el Cumue B\u00f6lgesinin \u00e7evresinde s\u00f6zde \u2018g\u00fcney b\u00f6lge askeri sorumlusu\u2019 \u2018Ebu Salah el Askeri\u2019 lakapl\u0131 Tar\u0131k Mezal el Musalime\u2019nin aralar\u0131nda bulundu\u011fu bir\u00e7ok ter\u00f6ristinin \u00f6ld\u00fcr\u00fcld\u00fc\u011f\u00fcn\u00fc itiraf etti.<\/p>\n<p><span style=\"color: #0000ff\">HOMS:<\/span><\/p>\n<p>\u00d6te yandan Homs Kentinin yakla\u015f\u0131k 82 km g\u00fcneydo\u011fusuna d\u00fc\u015fen Karyeteyn Kentinde I\u015e\u0130D\u2019in toplanma yerleri ve komuta karargahlar\u0131na y\u00f6nelik hava operasyonlar\u0131 ger\u00e7ekle\u015ftiren hava g\u00fc\u00e7lerimiz; tekrircileri say\u0131 ve te\u00e7hizatlar\u0131yla a\u011f\u0131r kay\u0131plara u\u011fratt\u0131.<\/p>\n<p>Homs k\u0131rsal\u0131n\u0131n do\u011fusunda da hava g\u00fc\u00e7lerimiz Tedmur Kentinin civar\u0131na ilaveten \u015eair Kav\u015fa\u011f\u0131n bat\u0131s\u0131nda I\u015e\u0130D tekfircilerinin mevki ve hareketlenmelerini hedef ald\u0131klar\u0131 operasyonlar\u0131nda aralar\u0131nda tehlikeli isimlerin bulundu\u011fu \u00e7ok say\u0131da ter\u00f6risti ekipmanlar\u0131yla birlikte etkisizle\u015ftirdi.<\/p>\n<p>https:\/\/www.youtube.com\/watch?v=5i5r_qcdSMQ<\/p>\n","protected":false},"excerpt":{"rendered":"<p>\u0130LLER \u2013 Ordu birliklerimiz hava g\u00fc\u00e7lerimizin deste\u011fi ile muhtelif b\u00f6lgelerde adlar\u0131nda farkl\u0131 fakat ama\u00e7 ve \u00f6zlerinde ayn\u0131 olan ter\u00f6ristleri be\u015feri ve lojistik b\u00fcy\u00fck kay\u0131plara u\u011fratmaya devam ediyor. DERA: SANA\u2019ya a\u00e7\u0131klama yapan askeri kaynak; hava g\u00fc\u00e7lerimizden destek alan ordu birliklerimizin Dera k\u0131rsal\u0131n\u0131n kuzeybat\u0131s\u0131 Hrab el \u015eahm Beldesinin bat\u0131s\u0131nda I\u015e\u0130D \u00d6rg\u00fct\u00fcne tabi \u2018Yerm\u00fck \u015eehitleri T\u00fcmeni\u2019nin karargah ve &hellip;<\/p>\n","protected":false},"author":1,"featured_media":66031,"comment_status":"closed","ping_status":"closed","sticky":false,"template":"","format":"standard","meta":{"footnotes":""},"categories":[575],"tags":[],"class_list":["post-66030","post","type-post","status-publish","format-standard","has-post-thumbnail","","category-olaylar-ve-gercekler"],"_links":{"self":[{"href":"https:\/\/archive.sana.sy\/tr\/index.php?rest_route=\/wp\/v2\/posts\/66030","targetHints":{"allow":["GET"]}}],"collection":[{"href":"https:\/\/archive.sana.sy\/tr\/index.php?rest_route=\/wp\/v2\/posts"}],"about":[{"href":"https:\/\/archive.sana.sy\/tr\/index.php?rest_route=\/wp\/v2\/types\/post"}],"author":[{"embeddable":true,"href":"https:\/\/archive.sana.sy\/tr\/index.php?rest_route=\/wp\/v2\/users\/1"}],"replies":[{"embeddable":true,"href":"https:\/\/archive.sana.sy\/tr\/index.php?rest_route=%2Fwp%2Fv2%2Fcomments&post=66030"}],"version-history":[{"count":0,"href":"https:\/\/archive.sana.sy\/tr\/index.php?rest_route=\/wp\/v2\/posts\/66030\/revisions"}],"wp:featuredmedia":[{"embeddable":true,"href":"https:\/\/archive.sana.sy\/tr\/index.php?rest_route=\/wp\/v2\/media\/66031"}],"wp:attachment":[{"href":"https:\/\/archive.sana.sy\/tr\/index.php?rest_route=%2Fwp%2Fv2%2Fmedia&parent=66030"}],"wp:term":[{"taxonomy":"category","embeddable":true,"href":"https:\/\/archive.sana.sy\/tr\/index.php?rest_route=%2Fwp%2Fv2%2Fcategories&post=66030"},{"taxonomy":"post_tag","embeddable":true,"href":"https:\/\/archive.sana.sy\/tr\/index.php?rest_route=%2Fwp%2Fv2%2Ftags&post=66030"}],"curies":[{"name":"wp","href":"https:\/\/api.w.org\/{rel}","templated":true}]}}