{"id":66040,"date":"2016-03-22T19:32:33","date_gmt":"2016-03-22T17:32:33","guid":{"rendered":"http:\/\/sana.sy\/tr\/?p=66040"},"modified":"2016-03-22T19:55:06","modified_gmt":"2016-03-22T17:55:06","slug":"bm-genel-sekreterinin-suriye-ozel-temsilcisi-staffan-de-mistura-cenevrede-yaptigi-basin-aciklamalarinda-suriyeliler-arasinda-diyalog-gorusmelerine-katilan-tum-taraflar-arasinda-ortak-bir-zemin-ve-u","status":"publish","type":"post","link":"https:\/\/archive.sana.sy\/tr\/?p=66040","title":{"rendered":"BM genel sekreterinin Suriye \u00f6zel temsilcisi Staffan de Mistura Cenevre&#8217;de yapt\u0131\u011f\u0131 bas\u0131n a\u00e7\u0131klamalar\u0131nda; Suriyeliler aras\u0131nda diyalog g\u00f6r\u00fc\u015fmelerine kat\u0131lan t\u00fcm taraflar aras\u0131nda ortak bir zemin ve uzla\u015fma bulmak i\u00e7in ciddiyetle \u00e7al\u0131\u015ft\u0131klar\u0131n\u0131 ifade ederken, Suriye Arap Cumhuriyeti heyetinin sundu\u011fu bir k\u0131s\u0131m belgelerin g\u00fczel bir \u015fekilde incelendi\u011fini belirtti"},"content":{"rendered":"<p>BM genel sekreterinin Suriye \u00f6zel temsilcisi Staffan de Mistura Cenevre&#8217;de yapt\u0131\u011f\u0131 bas\u0131n a\u00e7\u0131klamalar\u0131nda; Suriyeliler aras\u0131nda diyalog g\u00f6r\u00fc\u015fmelerine kat\u0131lan t\u00fcm taraflar aras\u0131nda ortak bir zemin ve uzla\u015fma bulmak i\u00e7in ciddiyetle \u00e7al\u0131\u015ft\u0131klar\u0131n\u0131 ifade ederken, Suriye Arap Cumhuriyeti heyetinin sundu\u011fu bir k\u0131s\u0131m belgelerin g\u00fczel bir \u015fekilde incelendi\u011fini belirtti<\/p>\n","protected":false},"excerpt":{"rendered":"<p>BM genel sekreterinin Suriye \u00f6zel temsilcisi Staffan de Mistura Cenevre&#8217;de yapt\u0131\u011f\u0131 bas\u0131n a\u00e7\u0131klamalar\u0131nda; Suriyeliler aras\u0131nda diyalog g\u00f6r\u00fc\u015fmelerine kat\u0131lan t\u00fcm taraflar aras\u0131nda ortak bir zemin ve uzla\u015fma bulmak i\u00e7in ciddiyetle \u00e7al\u0131\u015ft\u0131klar\u0131n\u0131 ifade ederken, Suriye Arap Cumhuriyeti heyetinin sundu\u011fu bir k\u0131s\u0131m belgelerin g\u00fczel bir \u015fekilde incelendi\u011fini belirtti<\/p>\n","protected":false},"author":1,"featured_media":0,"comment_status":"closed","ping_status":"closed","sticky":false,"template":"","format":"standard","meta":{"footnotes":""},"categories":[17991],"tags":[],"class_list":["post-66040","post","type-post","status-publish","format-standard","","category-son-dakika"],"_links":{"self":[{"href":"https:\/\/archive.sana.sy\/tr\/index.php?rest_route=\/wp\/v2\/posts\/66040","targetHints":{"allow":["GET"]}}],"collection":[{"href":"https:\/\/archive.sana.sy\/tr\/index.php?rest_route=\/wp\/v2\/posts"}],"about":[{"href":"https:\/\/archive.sana.sy\/tr\/index.php?rest_route=\/wp\/v2\/types\/post"}],"author":[{"embeddable":true,"href":"https:\/\/archive.sana.sy\/tr\/index.php?rest_route=\/wp\/v2\/users\/1"}],"replies":[{"embeddable":true,"href":"https:\/\/archive.sana.sy\/tr\/index.php?rest_route=%2Fwp%2Fv2%2Fcomments&post=66040"}],"version-history":[{"count":0,"href":"https:\/\/archive.sana.sy\/tr\/index.php?rest_route=\/wp\/v2\/posts\/66040\/revisions"}],"wp:attachment":[{"href":"https:\/\/archive.sana.sy\/tr\/index.php?rest_route=%2Fwp%2Fv2%2Fmedia&parent=66040"}],"wp:term":[{"taxonomy":"category","embeddable":true,"href":"https:\/\/archive.sana.sy\/tr\/index.php?rest_route=%2Fwp%2Fv2%2Fcategories&post=66040"},{"taxonomy":"post_tag","embeddable":true,"href":"https:\/\/archive.sana.sy\/tr\/index.php?rest_route=%2Fwp%2Fv2%2Ftags&post=66040"}],"curies":[{"name":"wp","href":"https:\/\/api.w.org\/{rel}","templated":true}]}}