{"id":66046,"date":"2016-03-22T19:53:20","date_gmt":"2016-03-22T17:53:20","guid":{"rendered":"http:\/\/sana.sy\/tr\/?p=66046"},"modified":"2016-03-22T19:53:16","modified_gmt":"2016-03-22T17:53:16","slug":"de-mistura-rusya-disisleri-bakani-sergey-lavrov-ve-abdli-mevkidasi-john-kerrynin-moskovada-bulunacaklari-temaslardan-beklentileri-oldugunu-ifade-ederken-bu-temaslarin-olumlu-olmas","status":"publish","type":"post","link":"https:\/\/archive.sana.sy\/tr\/?p=66046","title":{"rendered":"De Mistura Rusya D\u0131\u015fi\u015fleri Bakan\u0131 Sergey Lavrov ve ABD\u2019li mevkida\u015f\u0131 John Kerry\u2019nin Moskova&#8217;da bulunacaklar\u0131 temaslardan beklentileri oldu\u011funu ifade ederken, bu temaslar\u0131n olumlu olmas\u0131 ve Cenevre&#8217;de Suriyeliler aras\u0131ndaki g\u00f6r\u00fc\u015fmelere olumlu yans\u0131mas\u0131 temennilerinde bulundu"},"content":{"rendered":"<p>De Mistura Rusya D\u0131\u015fi\u015fleri Bakan\u0131 Sergey Lavrov ve ABD\u2019li mevkida\u015f\u0131 John Kerry\u2019nin Moskova&#8217;da bulunacaklar\u0131 temaslardan beklentileri oldu\u011funu ifade ederken, bu temaslar\u0131n olumlu olmas\u0131 ve Cenevre&#8217;de Suriyeliler aras\u0131ndaki g\u00f6r\u00fc\u015fmelere olumlu yans\u0131mas\u0131 temennilerinde bulundu<\/p>\n","protected":false},"excerpt":{"rendered":"<p>De Mistura Rusya D\u0131\u015fi\u015fleri Bakan\u0131 Sergey Lavrov ve ABD\u2019li mevkida\u015f\u0131 John Kerry\u2019nin Moskova&#8217;da bulunacaklar\u0131 temaslardan beklentileri oldu\u011funu ifade ederken, bu temaslar\u0131n olumlu olmas\u0131 ve Cenevre&#8217;de Suriyeliler aras\u0131ndaki g\u00f6r\u00fc\u015fmelere olumlu yans\u0131mas\u0131 temennilerinde bulundu<\/p>\n","protected":false},"author":1,"featured_media":0,"comment_status":"closed","ping_status":"closed","sticky":false,"template":"","format":"standard","meta":{"footnotes":""},"categories":[17991],"tags":[],"class_list":["post-66046","post","type-post","status-publish","format-standard","","category-son-dakika"],"_links":{"self":[{"href":"https:\/\/archive.sana.sy\/tr\/index.php?rest_route=\/wp\/v2\/posts\/66046","targetHints":{"allow":["GET"]}}],"collection":[{"href":"https:\/\/archive.sana.sy\/tr\/index.php?rest_route=\/wp\/v2\/posts"}],"about":[{"href":"https:\/\/archive.sana.sy\/tr\/index.php?rest_route=\/wp\/v2\/types\/post"}],"author":[{"embeddable":true,"href":"https:\/\/archive.sana.sy\/tr\/index.php?rest_route=\/wp\/v2\/users\/1"}],"replies":[{"embeddable":true,"href":"https:\/\/archive.sana.sy\/tr\/index.php?rest_route=%2Fwp%2Fv2%2Fcomments&post=66046"}],"version-history":[{"count":0,"href":"https:\/\/archive.sana.sy\/tr\/index.php?rest_route=\/wp\/v2\/posts\/66046\/revisions"}],"wp:attachment":[{"href":"https:\/\/archive.sana.sy\/tr\/index.php?rest_route=%2Fwp%2Fv2%2Fmedia&parent=66046"}],"wp:term":[{"taxonomy":"category","embeddable":true,"href":"https:\/\/archive.sana.sy\/tr\/index.php?rest_route=%2Fwp%2Fv2%2Fcategories&post=66046"},{"taxonomy":"post_tag","embeddable":true,"href":"https:\/\/archive.sana.sy\/tr\/index.php?rest_route=%2Fwp%2Fv2%2Ftags&post=66046"}],"curies":[{"name":"wp","href":"https:\/\/api.w.org\/{rel}","templated":true}]}}