{"id":66048,"date":"2016-03-22T20:07:37","date_gmt":"2016-03-22T18:07:37","guid":{"rendered":"http:\/\/sana.sy\/tr\/?p=66048"},"modified":"2016-03-23T15:30:47","modified_gmt":"2016-03-23T13:30:47","slug":"tum-taraflar-yeni-bir-surecin-basladigi-izlenimindeler","status":"publish","type":"post","link":"https:\/\/archive.sana.sy\/tr\/?p=66048","title":{"rendered":"T\u00fcm Taraflar Yeni Bir S\u00fcrecin Ba\u015flad\u0131\u011f\u0131 \u0130zlenimindeler (video)"},"content":{"rendered":"<p>CENEVRE \u2013 BM genel sekreterinin Suriye \u00f6zel temsilcisi Staffan de Mistura Cenevre&#8217;de yapt\u0131\u011f\u0131 bas\u0131n a\u00e7\u0131klamalar\u0131nda; Suriyeliler aras\u0131nda diyalog g\u00f6r\u00fc\u015fmelerine kat\u0131lan t\u00fcm taraflar aras\u0131nda ortak bir zemin ve uzla\u015fma bulmak i\u00e7in ciddiyetle \u00e7al\u0131\u015ft\u0131klar\u0131n\u0131 ifade ederken, Suriye Arap Cumhuriyeti heyetinin sundu\u011fu bir k\u0131s\u0131m belgelerin g\u00fczel bir \u015fekilde incelendi\u011fini belirtti.<\/p>\n<p>De Mistura taraflar aras\u0131nda bak\u0131\u015f a\u00e7\u0131lar\u0131n\u0131 yak\u0131nla\u015ft\u0131rmak i\u00e7in yar\u0131n Suriye Arap Cumhuriyeti heyeti ve &#8216;Riyad muhalefeti&#8217; heyeti ile ayr\u0131 ayr\u0131 bir araya gelece\u011fini a\u00e7\u0131klad\u0131<\/p>\n<p>Bug\u00fcn Br\u00fcksel\u2019de meydana gelen bombal\u0131 ter\u00f6r eylemlerinin, Suriye&#8217;deki krize zaman kaybetmeden siyasi \u00e7\u00f6z\u00fcm bulma gere\u011fini ortaya koydu\u011funa dikkat \u00e7eken de Mistura; Suriye ve d\u00fcnyadaki ter\u00f6r\u00fcn istisnas\u0131z herkesi tehdit etti\u011fine vurgu yapt\u0131.<\/p>\n<p>De Mistura Rusya D\u0131\u015fi\u015fleri Bakan\u0131 Sergey Lavrov ve ABD\u2019li mevkida\u015f\u0131 John Kerry\u2019nin Moskova&#8217;da bulunacaklar\u0131 temaslardan beklentileri oldu\u011funu ifade ederken, bu temaslar\u0131n olumlu olmas\u0131 ve Cenevre&#8217;de Suriyeliler aras\u0131ndaki g\u00f6r\u00fc\u015fmelere olumlu yans\u0131mas\u0131 temennilerinde bulundu.<\/p>\n<p>SANA\u2019n\u0131n Cenevre delegesinin \u2018Riyad muhalefetinin\u2019 sundu\u011fu d\u00fc\u015f\u00fcncelerde yeni bir durumun olup olmad\u0131\u011f\u0131na ili\u015fkin soruya cevab\u0131nda de Mistura; genel ortam\u0131n de\u011fi\u015fti\u011fini ve daha \u00f6nce oldu\u011fu gibi art\u0131k kap\u0131y\u0131 kapatma durumunun bulunmad\u0131\u011f\u0131n\u0131 s\u00f6yledi. De Mistura t\u00fcm taraflar\u0131 dinledi\u011fini, herkesin de Suriye&#8217;de \u00e7at\u0131\u015fmalar\u0131 durdurma anla\u015fmas\u0131n\u0131n devam etmesine \u00f6nem verdi\u011fini ifade ederken, herkesin de yeni bir s\u00fcrecin ba\u015flad\u0131\u011f\u0131 izleniminde oldu\u011funu s\u00f6zlerine ekledi.<\/p>\n<p>https:\/\/www.youtube.com\/watch?v=g9edBbq0otU<\/p>\n","protected":false},"excerpt":{"rendered":"<p>CENEVRE \u2013 BM genel sekreterinin Suriye \u00f6zel temsilcisi Staffan de Mistura Cenevre&#8217;de yapt\u0131\u011f\u0131 bas\u0131n a\u00e7\u0131klamalar\u0131nda; Suriyeliler aras\u0131nda diyalog g\u00f6r\u00fc\u015fmelerine kat\u0131lan t\u00fcm taraflar aras\u0131nda ortak bir zemin ve uzla\u015fma bulmak i\u00e7in ciddiyetle \u00e7al\u0131\u015ft\u0131klar\u0131n\u0131 ifade ederken, Suriye Arap Cumhuriyeti heyetinin sundu\u011fu bir k\u0131s\u0131m belgelerin g\u00fczel bir \u015fekilde incelendi\u011fini belirtti. De Mistura taraflar aras\u0131nda bak\u0131\u015f a\u00e7\u0131lar\u0131n\u0131 yak\u0131nla\u015ft\u0131rmak i\u00e7in &hellip;<\/p>\n","protected":false},"author":1,"featured_media":65997,"comment_status":"closed","ping_status":"closed","sticky":false,"template":"","format":"standard","meta":{"footnotes":""},"categories":[458,459,17988],"tags":[19994,19993],"class_list":["post-66048","post","type-post","status-publish","format-standard","has-post-thumbnail","","category-dunya1","category-haberler-arap-uluslararasi-politika","category-son-haberler","tag-bm-genel-sekreterinin-suriye-ozel-temsilcisi-staffan-de-mistura-cenevrede-yaptigi-basin-aciklamalari","tag-tum-taraflar-yeni-bir-surecin-basladigi-izlenimindeler"],"_links":{"self":[{"href":"https:\/\/archive.sana.sy\/tr\/index.php?rest_route=\/wp\/v2\/posts\/66048","targetHints":{"allow":["GET"]}}],"collection":[{"href":"https:\/\/archive.sana.sy\/tr\/index.php?rest_route=\/wp\/v2\/posts"}],"about":[{"href":"https:\/\/archive.sana.sy\/tr\/index.php?rest_route=\/wp\/v2\/types\/post"}],"author":[{"embeddable":true,"href":"https:\/\/archive.sana.sy\/tr\/index.php?rest_route=\/wp\/v2\/users\/1"}],"replies":[{"embeddable":true,"href":"https:\/\/archive.sana.sy\/tr\/index.php?rest_route=%2Fwp%2Fv2%2Fcomments&post=66048"}],"version-history":[{"count":0,"href":"https:\/\/archive.sana.sy\/tr\/index.php?rest_route=\/wp\/v2\/posts\/66048\/revisions"}],"wp:featuredmedia":[{"embeddable":true,"href":"https:\/\/archive.sana.sy\/tr\/index.php?rest_route=\/wp\/v2\/media\/65997"}],"wp:attachment":[{"href":"https:\/\/archive.sana.sy\/tr\/index.php?rest_route=%2Fwp%2Fv2%2Fmedia&parent=66048"}],"wp:term":[{"taxonomy":"category","embeddable":true,"href":"https:\/\/archive.sana.sy\/tr\/index.php?rest_route=%2Fwp%2Fv2%2Fcategories&post=66048"},{"taxonomy":"post_tag","embeddable":true,"href":"https:\/\/archive.sana.sy\/tr\/index.php?rest_route=%2Fwp%2Fv2%2Ftags&post=66048"}],"curies":[{"name":"wp","href":"https:\/\/api.w.org\/{rel}","templated":true}]}}