{"id":66050,"date":"2016-03-22T22:08:59","date_gmt":"2016-03-22T20:08:59","guid":{"rendered":"http:\/\/sana.sy\/tr\/?p=66050"},"modified":"2016-03-23T15:30:08","modified_gmt":"2016-03-23T13:30:08","slug":"suriyeli-kadinlarin-istegi-uzerine-olusturuldu","status":"publish","type":"post","link":"https:\/\/archive.sana.sy\/tr\/?p=66050","title":{"rendered":"Suriyeli Kad\u0131nlar\u0131n \u0130ste\u011fi \u00dczerine Olu\u015fturuldu (video)"},"content":{"rendered":"<p>CENEVRE \u2013 Cenevre&#8217;de Suriyeliler aras\u0131ndaki dolayl\u0131 diyalog g\u00f6r\u00fc\u015fmelerinde Kad\u0131n \u0130sti\u015fare Meclisi Suriye&#8217;de siyasi \u00e7\u00f6z\u00fcm\u00fcn sa\u011flanmas\u0131 y\u00f6n\u00fcnde t\u00fcm taraflar\u0131 \u00e7abalar\u0131n\u0131 yo\u011funla\u015ft\u0131rmalar\u0131na \u00e7a\u011f\u0131rd\u0131.<\/p>\n<p>BM genel sekreterinin Suriye \u00f6zel temsilcisi Staffan de Mistura ile bug\u00fcn Cenevre&#8217;de ortak bas\u0131n toplant\u0131s\u0131 d\u00fczenleyen meclis \u00fcyeleri; meclisin, Suriyeli kad\u0131nlar\u0131n iste\u011fi \u00fczerine olu\u015fturuldu\u011funa dikkat \u00e7ekti. \u00dcyeleri Suriye kad\u0131nlar\u0131n\u0131n vatan\u0131n gelece\u011fini belirleme ve yap\u0131land\u0131rmada etkin rol oynama taleplerine cevap olarak te\u015fkil edilen meclisin muhtelif siyasi ak\u0131mlardan ve b\u00f6lgelerden 12 kad\u0131n\u0131 kapsad\u0131\u011f\u0131n\u0131 s\u00f6yledi.<\/p>\n<p>Meclis \u00fcyeleri Suriye halk\u0131na ila\u00e7 ve g\u0131dalar\u0131n ula\u015f\u0131m\u0131n\u0131 engelleyen tek tarafl\u0131 uluslar aras\u0131 yapt\u0131r\u0131mlar\u0131n derhal kald\u0131r\u0131lmas\u0131n\u0131 talep ederlerken; meclisin Suriye&#8217;de insani \u00e7al\u0131\u015fmalar ve \u00e7at\u0131\u015fmalar\u0131 durdurma anla\u015fmas\u0131n\u0131n s\u00fcreklili\u011fini garantileme mevzular\u0131na \u00f6ncelik verdi\u011fini belirtti. Suriye&#8217;nin toprak ve halk b\u00fct\u00fcnl\u00fc\u011f\u00fcn\u00fcn korunmas\u0131 \u00f6nemine dikkat \u00e7eken meclis \u00fcyeleri; ulusal egemenlik ve ba\u011f\u0131ms\u0131zl\u0131\u011f\u0131 koruyacak siyasi bir \u00e7\u00f6z\u00fcm\u00fcn sa\u011flanmas\u0131 hedefinde olduklar\u0131n\u0131 kaydetti.<\/p>\n<p>https:\/\/www.youtube.com\/watch?v=xmQ6jFTNHJw<\/p>\n","protected":false},"excerpt":{"rendered":"<p>CENEVRE \u2013 Cenevre&#8217;de Suriyeliler aras\u0131ndaki dolayl\u0131 diyalog g\u00f6r\u00fc\u015fmelerinde Kad\u0131n \u0130sti\u015fare Meclisi Suriye&#8217;de siyasi \u00e7\u00f6z\u00fcm\u00fcn sa\u011flanmas\u0131 y\u00f6n\u00fcnde t\u00fcm taraflar\u0131 \u00e7abalar\u0131n\u0131 yo\u011funla\u015ft\u0131rmalar\u0131na \u00e7a\u011f\u0131rd\u0131. BM genel sekreterinin Suriye \u00f6zel temsilcisi Staffan de Mistura ile bug\u00fcn Cenevre&#8217;de ortak bas\u0131n toplant\u0131s\u0131 d\u00fczenleyen meclis \u00fcyeleri; meclisin, Suriyeli kad\u0131nlar\u0131n iste\u011fi \u00fczerine olu\u015fturuldu\u011funa dikkat \u00e7ekti. \u00dcyeleri Suriye kad\u0131nlar\u0131n\u0131n vatan\u0131n gelece\u011fini belirleme ve yap\u0131land\u0131rmada &hellip;<\/p>\n","protected":false},"author":1,"featured_media":66051,"comment_status":"closed","ping_status":"closed","sticky":false,"template":"","format":"standard","meta":{"footnotes":""},"categories":[458,459,17988],"tags":[19996,19995],"class_list":["post-66050","post","type-post","status-publish","format-standard","has-post-thumbnail","","category-dunya1","category-haberler-arap-uluslararasi-politika","category-son-haberler","tag-kadin-istisare-meclisi","tag-suriyeli-kadinlarin-istegi-uzerine-olusturuldu"],"_links":{"self":[{"href":"https:\/\/archive.sana.sy\/tr\/index.php?rest_route=\/wp\/v2\/posts\/66050","targetHints":{"allow":["GET"]}}],"collection":[{"href":"https:\/\/archive.sana.sy\/tr\/index.php?rest_route=\/wp\/v2\/posts"}],"about":[{"href":"https:\/\/archive.sana.sy\/tr\/index.php?rest_route=\/wp\/v2\/types\/post"}],"author":[{"embeddable":true,"href":"https:\/\/archive.sana.sy\/tr\/index.php?rest_route=\/wp\/v2\/users\/1"}],"replies":[{"embeddable":true,"href":"https:\/\/archive.sana.sy\/tr\/index.php?rest_route=%2Fwp%2Fv2%2Fcomments&post=66050"}],"version-history":[{"count":0,"href":"https:\/\/archive.sana.sy\/tr\/index.php?rest_route=\/wp\/v2\/posts\/66050\/revisions"}],"wp:featuredmedia":[{"embeddable":true,"href":"https:\/\/archive.sana.sy\/tr\/index.php?rest_route=\/wp\/v2\/media\/66051"}],"wp:attachment":[{"href":"https:\/\/archive.sana.sy\/tr\/index.php?rest_route=%2Fwp%2Fv2%2Fmedia&parent=66050"}],"wp:term":[{"taxonomy":"category","embeddable":true,"href":"https:\/\/archive.sana.sy\/tr\/index.php?rest_route=%2Fwp%2Fv2%2Fcategories&post=66050"},{"taxonomy":"post_tag","embeddable":true,"href":"https:\/\/archive.sana.sy\/tr\/index.php?rest_route=%2Fwp%2Fv2%2Ftags&post=66050"}],"curies":[{"name":"wp","href":"https:\/\/api.w.org\/{rel}","templated":true}]}}