{"id":66058,"date":"2016-03-22T22:57:04","date_gmt":"2016-03-22T20:57:04","guid":{"rendered":"http:\/\/sana.sy\/tr\/?p=66058"},"modified":"2016-03-23T11:59:04","modified_gmt":"2016-03-23T09:59:04","slug":"putin-batili-ortaklarin-siyasi-cozum-surecine-yardimci-olacaklarini-umut-ediyorum","status":"publish","type":"post","link":"https:\/\/archive.sana.sy\/tr\/?p=66058","title":{"rendered":"Putin: Bat\u0131l\u0131 Ortaklar\u0131n Siyasi \u00c7\u00f6z\u00fcm S\u00fcrecine Yard\u0131mc\u0131 Olacaklar\u0131n\u0131 Umut Ediyorum"},"content":{"rendered":"<p>MOSKOVA \u2013 Rusya Ba\u015fkan\u0131 Vladimir Putin, Bat\u0131l\u0131 b\u00fct\u00fcn ortaklar\u0131n \u201cMuhalefet\u201d ile ileti\u015fimleri arac\u0131l\u0131\u011f\u0131yla, Suriye\u2019de siyasi \u00e7\u00f6z\u00fcm s\u00fcrecinin ba\u015flamas\u0131na yard\u0131mc\u0131 olacaklar\u0131n\u0131 umut etti\u011fini dile getirdi.<\/p>\n<p>Finlandiyal\u0131 Mevkida\u015f\u0131Sauli Niinisti ile Moskova\u2019daki g\u00f6r\u00fc\u015fmelerinin ard\u0131ndan d\u00fczenledi\u011fi ortak bas\u0131n konferans\u0131nda gazetecilerin sorular\u0131n\u0131 yan\u0131tlayan Putin, g\u00f6r\u00fc\u015fmenin ana g\u00fcndeminin Suriye\u2019de ya\u015fanmakta olan kriz ve d\u00fcnyadaki di\u011fer uluslararas\u0131 krizler ba\u015fl\u0131\u011f\u0131 oldu\u011funu ifade etti.<\/p>\n<p>Di\u011fer taraftan Suriye krizi ve Ortado\u011fu b\u00f6lgesi ile ilgili Rusya\u2019n\u0131n sergiledi\u011fi tutumun bu s\u00fcre\u00e7te b\u00fcy\u00fck bir \u00f6nem ta\u015f\u0131d\u0131\u011f\u0131na i\u015faret eden Finlandiya Ba\u015fkan\u0131 Suriye\u2019de \u00e7at\u0131\u015fmalar\u0131n durdurulmas\u0131 ve siyasi \u00e7\u00f6z\u00fcm faaliyetlerinin aktif bir \u015fekilde s\u00fcrmesi i\u00e7in \u00e7aba harcanmas\u0131 gerekti\u011fin ve Finlandiya\u2019n\u0131n bu \u00e7abalara kat\u0131lmaya haz\u0131r oldu\u011funu beyan etti.<\/p>\n<p>Hat\u0131rlanaca\u011f\u0131 \u00fczere ABD D\u0131\u015fi\u015fleri Bakan\u0131 John Keryy Moskova\u2019da iki g\u00fcn s\u00fcrecek ziyaretine bug\u00fcn ba\u015fl\u0131yor.<\/p>\n<p>F.B.<\/p>\n","protected":false},"excerpt":{"rendered":"<p>MOSKOVA \u2013 Rusya Ba\u015fkan\u0131 Vladimir Putin, Bat\u0131l\u0131 b\u00fct\u00fcn ortaklar\u0131n \u201cMuhalefet\u201d ile ileti\u015fimleri arac\u0131l\u0131\u011f\u0131yla, Suriye\u2019de siyasi \u00e7\u00f6z\u00fcm s\u00fcrecinin ba\u015flamas\u0131na yard\u0131mc\u0131 olacaklar\u0131n\u0131 umut etti\u011fini dile getirdi. Finlandiyal\u0131 Mevkida\u015f\u0131Sauli Niinisti ile Moskova\u2019daki g\u00f6r\u00fc\u015fmelerinin ard\u0131ndan d\u00fczenledi\u011fi ortak bas\u0131n konferans\u0131nda gazetecilerin sorular\u0131n\u0131 yan\u0131tlayan Putin, g\u00f6r\u00fc\u015fmenin ana g\u00fcndeminin Suriye\u2019de ya\u015fanmakta olan kriz ve d\u00fcnyadaki di\u011fer uluslararas\u0131 krizler ba\u015fl\u0131\u011f\u0131 oldu\u011funu ifade etti. &hellip;<\/p>\n","protected":false},"author":1,"featured_media":66059,"comment_status":"closed","ping_status":"closed","sticky":false,"template":"","format":"standard","meta":{"footnotes":""},"categories":[458,459,17988],"tags":[16744],"class_list":["post-66058","post","type-post","status-publish","format-standard","has-post-thumbnail","","category-dunya1","category-haberler-arap-uluslararasi-politika","category-son-haberler","tag-vladimir-putin"],"_links":{"self":[{"href":"https:\/\/archive.sana.sy\/tr\/index.php?rest_route=\/wp\/v2\/posts\/66058","targetHints":{"allow":["GET"]}}],"collection":[{"href":"https:\/\/archive.sana.sy\/tr\/index.php?rest_route=\/wp\/v2\/posts"}],"about":[{"href":"https:\/\/archive.sana.sy\/tr\/index.php?rest_route=\/wp\/v2\/types\/post"}],"author":[{"embeddable":true,"href":"https:\/\/archive.sana.sy\/tr\/index.php?rest_route=\/wp\/v2\/users\/1"}],"replies":[{"embeddable":true,"href":"https:\/\/archive.sana.sy\/tr\/index.php?rest_route=%2Fwp%2Fv2%2Fcomments&post=66058"}],"version-history":[{"count":0,"href":"https:\/\/archive.sana.sy\/tr\/index.php?rest_route=\/wp\/v2\/posts\/66058\/revisions"}],"wp:featuredmedia":[{"embeddable":true,"href":"https:\/\/archive.sana.sy\/tr\/index.php?rest_route=\/wp\/v2\/media\/66059"}],"wp:attachment":[{"href":"https:\/\/archive.sana.sy\/tr\/index.php?rest_route=%2Fwp%2Fv2%2Fmedia&parent=66058"}],"wp:term":[{"taxonomy":"category","embeddable":true,"href":"https:\/\/archive.sana.sy\/tr\/index.php?rest_route=%2Fwp%2Fv2%2Fcategories&post=66058"},{"taxonomy":"post_tag","embeddable":true,"href":"https:\/\/archive.sana.sy\/tr\/index.php?rest_route=%2Fwp%2Fv2%2Ftags&post=66058"}],"curies":[{"name":"wp","href":"https:\/\/api.w.org\/{rel}","templated":true}]}}