{"id":66062,"date":"2016-03-23T10:25:45","date_gmt":"2016-03-23T08:25:45","guid":{"rendered":"http:\/\/sana.sy\/tr\/?p=66062"},"modified":"2016-03-24T09:07:38","modified_gmt":"2016-03-24T07:07:38","slug":"suriye-arap-cumhuriyeti-heyeti-ile-de-mistura-arasinda-toplanti-basladi","status":"publish","type":"post","link":"https:\/\/archive.sana.sy\/tr\/?p=66062","title":{"rendered":"Suriye Arap Cumhuriyeti Heyeti ile de Mistura Aras\u0131nda Toplant\u0131 Ba\u015flad\u0131 (video)"},"content":{"rendered":"<p>CENEVRE \u2013 Cenevre&#8217;de Suriyeliler aras\u0131nda dolayl\u0131 diyalog g\u00f6r\u00fc\u015fmeleri kapsam\u0131nda bug\u00fcn Suriye Arap Cumhuriyeti heyeti ile BM genel sekreterinin Suriye \u00f6zel temsilcisi Staffan de Mistura ve yard\u0131mc\u0131lar\u0131 aras\u0131nda BM\u2019nin Cenevre ofisinde yeni bir toplant\u0131 ba\u015flad\u0131.<\/p>\n<p>Suriye&#8217;nin BM&#8217;deki daimi temsilcisi Be\u015f\u015far el Caferi ba\u015fkanl\u0131\u011f\u0131ndaki Suriye Arap Cumhuriyeti heyeti de Mistura ile g\u00f6r\u00fc\u015fmek \u00fczere Cenevre&#8217;de BM binas\u0131na giriyor.<\/p>\n<p>https:\/\/www.youtube.com\/watch?v=6pqReOpG50o<\/p>\n","protected":false},"excerpt":{"rendered":"<p>CENEVRE \u2013 Cenevre&#8217;de Suriyeliler aras\u0131nda dolayl\u0131 diyalog g\u00f6r\u00fc\u015fmeleri kapsam\u0131nda bug\u00fcn Suriye Arap Cumhuriyeti heyeti ile BM genel sekreterinin Suriye \u00f6zel temsilcisi Staffan de Mistura ve yard\u0131mc\u0131lar\u0131 aras\u0131nda BM\u2019nin Cenevre ofisinde yeni bir toplant\u0131 ba\u015flad\u0131. Suriye&#8217;nin BM&#8217;deki daimi temsilcisi Be\u015f\u015far el Caferi ba\u015fkanl\u0131\u011f\u0131ndaki Suriye Arap Cumhuriyeti heyeti de Mistura ile g\u00f6r\u00fc\u015fmek \u00fczere Cenevre&#8217;de BM binas\u0131na giriyor. &hellip;<\/p>\n","protected":false},"author":1,"featured_media":66063,"comment_status":"closed","ping_status":"closed","sticky":false,"template":"","format":"standard","meta":{"footnotes":""},"categories":[458,459,17988],"tags":[18867,19438,19828,18499,18964],"class_list":["post-66062","post","type-post","status-publish","format-standard","has-post-thumbnail","","category-dunya1","category-haberler-arap-uluslararasi-politika","category-son-haberler","tag-bessar-el-caferi","tag-diyalog-gorusmeleri","tag-suriye-heyeti","tag-suriye-muhalefeti","tag-suriyeliler-arasindaki-gorusmeler"],"_links":{"self":[{"href":"https:\/\/archive.sana.sy\/tr\/index.php?rest_route=\/wp\/v2\/posts\/66062","targetHints":{"allow":["GET"]}}],"collection":[{"href":"https:\/\/archive.sana.sy\/tr\/index.php?rest_route=\/wp\/v2\/posts"}],"about":[{"href":"https:\/\/archive.sana.sy\/tr\/index.php?rest_route=\/wp\/v2\/types\/post"}],"author":[{"embeddable":true,"href":"https:\/\/archive.sana.sy\/tr\/index.php?rest_route=\/wp\/v2\/users\/1"}],"replies":[{"embeddable":true,"href":"https:\/\/archive.sana.sy\/tr\/index.php?rest_route=%2Fwp%2Fv2%2Fcomments&post=66062"}],"version-history":[{"count":0,"href":"https:\/\/archive.sana.sy\/tr\/index.php?rest_route=\/wp\/v2\/posts\/66062\/revisions"}],"wp:featuredmedia":[{"embeddable":true,"href":"https:\/\/archive.sana.sy\/tr\/index.php?rest_route=\/wp\/v2\/media\/66063"}],"wp:attachment":[{"href":"https:\/\/archive.sana.sy\/tr\/index.php?rest_route=%2Fwp%2Fv2%2Fmedia&parent=66062"}],"wp:term":[{"taxonomy":"category","embeddable":true,"href":"https:\/\/archive.sana.sy\/tr\/index.php?rest_route=%2Fwp%2Fv2%2Fcategories&post=66062"},{"taxonomy":"post_tag","embeddable":true,"href":"https:\/\/archive.sana.sy\/tr\/index.php?rest_route=%2Fwp%2Fv2%2Ftags&post=66062"}],"curies":[{"name":"wp","href":"https:\/\/api.w.org\/{rel}","templated":true}]}}