{"id":66068,"date":"2016-03-23T10:13:27","date_gmt":"2016-03-23T08:13:27","guid":{"rendered":"http:\/\/sana.sy\/tr\/?p=66068"},"modified":"2016-03-23T12:13:43","modified_gmt":"2016-03-23T10:13:43","slug":"rusya-disisleri-bakani-sergey-lavrov-moskovaya-is-gezisinde-bulunan-alman-mevkidasi-frank-walter-steinmeyer-ile-bulundugu-temaslarin-ardindan-ortak-basin-toplantisi-duzenledi","status":"publish","type":"post","link":"https:\/\/archive.sana.sy\/tr\/?p=66068","title":{"rendered":"Rusya D\u0131\u015fi\u015fleri Bakan\u0131 Sergey Lavrov Moskova\u2019ya i\u015f gezisinde bulunan Alman mevkida\u015f\u0131 Frank-Walter Steinmeyer ile bulundu\u011fu temaslar\u0131n ard\u0131ndan ortak bas\u0131n toplant\u0131s\u0131 d\u00fczenledi"},"content":{"rendered":"<p>Rusya D\u0131\u015fi\u015fleri Bakan\u0131 Sergey Lavrov Moskova\u2019ya i\u015f gezisinde bulunan Alman mevkida\u015f\u0131 Frank-Walter Steinmeyer ile bulundu\u011fu temaslar\u0131n ard\u0131ndan ortak bas\u0131n toplant\u0131s\u0131 d\u00fczenledi<\/p>\n","protected":false},"excerpt":{"rendered":"<p>Rusya D\u0131\u015fi\u015fleri Bakan\u0131 Sergey Lavrov Moskova\u2019ya i\u015f gezisinde bulunan Alman mevkida\u015f\u0131 Frank-Walter Steinmeyer ile bulundu\u011fu temaslar\u0131n ard\u0131ndan ortak bas\u0131n toplant\u0131s\u0131 d\u00fczenledi<\/p>\n","protected":false},"author":1,"featured_media":0,"comment_status":"closed","ping_status":"closed","sticky":false,"template":"","format":"standard","meta":{"footnotes":""},"categories":[17991],"tags":[],"class_list":["post-66068","post","type-post","status-publish","format-standard","","category-son-dakika"],"_links":{"self":[{"href":"https:\/\/archive.sana.sy\/tr\/index.php?rest_route=\/wp\/v2\/posts\/66068","targetHints":{"allow":["GET"]}}],"collection":[{"href":"https:\/\/archive.sana.sy\/tr\/index.php?rest_route=\/wp\/v2\/posts"}],"about":[{"href":"https:\/\/archive.sana.sy\/tr\/index.php?rest_route=\/wp\/v2\/types\/post"}],"author":[{"embeddable":true,"href":"https:\/\/archive.sana.sy\/tr\/index.php?rest_route=\/wp\/v2\/users\/1"}],"replies":[{"embeddable":true,"href":"https:\/\/archive.sana.sy\/tr\/index.php?rest_route=%2Fwp%2Fv2%2Fcomments&post=66068"}],"version-history":[{"count":0,"href":"https:\/\/archive.sana.sy\/tr\/index.php?rest_route=\/wp\/v2\/posts\/66068\/revisions"}],"wp:attachment":[{"href":"https:\/\/archive.sana.sy\/tr\/index.php?rest_route=%2Fwp%2Fv2%2Fmedia&parent=66068"}],"wp:term":[{"taxonomy":"category","embeddable":true,"href":"https:\/\/archive.sana.sy\/tr\/index.php?rest_route=%2Fwp%2Fv2%2Fcategories&post=66068"},{"taxonomy":"post_tag","embeddable":true,"href":"https:\/\/archive.sana.sy\/tr\/index.php?rest_route=%2Fwp%2Fv2%2Ftags&post=66068"}],"curies":[{"name":"wp","href":"https:\/\/api.w.org\/{rel}","templated":true}]}}