{"id":66071,"date":"2016-03-23T12:20:27","date_gmt":"2016-03-23T10:20:27","guid":{"rendered":"http:\/\/sana.sy\/tr\/?p=66071"},"modified":"2016-03-23T12:30:02","modified_gmt":"2016-03-23T10:30:02","slug":"cenevrede-suriyeliler-arasindaki-dolayli-diyalog-gorusmelerinde-suriye-arap-cumhuriyeti-heyetinin-bugun-bm-genel-sekreterinin-suriye-ozel-temsilcisi-staffan-de-mistura-ile-bmnin-cene","status":"publish","type":"post","link":"https:\/\/archive.sana.sy\/tr\/?p=66071","title":{"rendered":"Cenevre\u2019de Suriyeliler aras\u0131ndaki dolayl\u0131 diyalog g\u00f6r\u00fc\u015fmelerinde Suriye Arap Cumhuriyeti heyetinin bug\u00fcn BM genel sekreterinin Suriye \u00f6zel temsilcisi Staffan de Mistura ile BM\u2019nin Cenevre ofisinde toplant\u0131s\u0131 ard\u0131ndan heyet ba\u015fkan\u0131 Be\u015f\u015far el Caferi bas\u0131n konferans\u0131 d\u00fczenliyor"},"content":{"rendered":"<p>Cenevre\u2019de Suriyeliler aras\u0131ndaki dolayl\u0131 diyalog g\u00f6r\u00fc\u015fmelerinde Suriye Arap Cumhuriyeti heyetinin bug\u00fcn BM genel sekreterinin Suriye \u00f6zel temsilcisi Staffan de Mistura ile BM\u2019nin Cenevre ofisinde toplant\u0131s\u0131 ard\u0131ndan heyet ba\u015fkan\u0131 Be\u015f\u015far el Caferi bas\u0131n konferans\u0131 d\u00fczenliyor<\/p>\n","protected":false},"excerpt":{"rendered":"<p>Cenevre\u2019de Suriyeliler aras\u0131ndaki dolayl\u0131 diyalog g\u00f6r\u00fc\u015fmelerinde Suriye Arap Cumhuriyeti heyetinin bug\u00fcn BM genel sekreterinin Suriye \u00f6zel temsilcisi Staffan de Mistura ile BM\u2019nin Cenevre ofisinde toplant\u0131s\u0131 ard\u0131ndan heyet ba\u015fkan\u0131 Be\u015f\u015far el Caferi bas\u0131n konferans\u0131 d\u00fczenliyor<\/p>\n","protected":false},"author":1,"featured_media":0,"comment_status":"closed","ping_status":"closed","sticky":false,"template":"","format":"standard","meta":{"footnotes":""},"categories":[17991],"tags":[],"class_list":["post-66071","post","type-post","status-publish","format-standard","","category-son-dakika"],"_links":{"self":[{"href":"https:\/\/archive.sana.sy\/tr\/index.php?rest_route=\/wp\/v2\/posts\/66071","targetHints":{"allow":["GET"]}}],"collection":[{"href":"https:\/\/archive.sana.sy\/tr\/index.php?rest_route=\/wp\/v2\/posts"}],"about":[{"href":"https:\/\/archive.sana.sy\/tr\/index.php?rest_route=\/wp\/v2\/types\/post"}],"author":[{"embeddable":true,"href":"https:\/\/archive.sana.sy\/tr\/index.php?rest_route=\/wp\/v2\/users\/1"}],"replies":[{"embeddable":true,"href":"https:\/\/archive.sana.sy\/tr\/index.php?rest_route=%2Fwp%2Fv2%2Fcomments&post=66071"}],"version-history":[{"count":0,"href":"https:\/\/archive.sana.sy\/tr\/index.php?rest_route=\/wp\/v2\/posts\/66071\/revisions"}],"wp:attachment":[{"href":"https:\/\/archive.sana.sy\/tr\/index.php?rest_route=%2Fwp%2Fv2%2Fmedia&parent=66071"}],"wp:term":[{"taxonomy":"category","embeddable":true,"href":"https:\/\/archive.sana.sy\/tr\/index.php?rest_route=%2Fwp%2Fv2%2Fcategories&post=66071"},{"taxonomy":"post_tag","embeddable":true,"href":"https:\/\/archive.sana.sy\/tr\/index.php?rest_route=%2Fwp%2Fv2%2Ftags&post=66071"}],"curies":[{"name":"wp","href":"https:\/\/api.w.org\/{rel}","templated":true}]}}