{"id":66076,"date":"2016-03-23T12:35:10","date_gmt":"2016-03-23T10:35:10","guid":{"rendered":"http:\/\/sana.sy\/tr\/?p=66076"},"modified":"2016-03-23T12:35:10","modified_gmt":"2016-03-23T10:35:10","slug":"dun-belcikanin-baskenti-brukselde-bombali-teror-eylemlerini-gerceklestirenler-ya-da-daha-once-paris-veya-baska-kentlerde-teror-eylemlerinde-bulunanlarin-bir-kisminin-ulkelerine-donme","status":"publish","type":"post","link":"https:\/\/archive.sana.sy\/tr\/?p=66076","title":{"rendered":"D\u00fcn Bel\u00e7ika\u2019n\u0131n ba\u015fkenti Br\u00fcksel\u2019de bombal\u0131 ter\u00f6r eylemlerini ger\u00e7ekle\u015ftirenler ya da daha \u00f6nce Paris veya ba\u015fka kentlerde ter\u00f6r eylemlerinde bulunanlar\u0131n bir k\u0131sm\u0131n\u0131n \u00fclkelerine d\u00f6nmelerinden \u00f6nce Suriye&#8217;de Suriye halk\u0131na kar\u015f\u0131 sava\u015ft\u0131klar\u0131n\u0131 ve masum sivilleri vah\u015fice katlettiklerine dikkat \u00e7eken Caferi; bunlar\u0131n Suriye\u2019deyken \u2018silahl\u0131 muhalifler\u2019 veya \u2018\u0131l\u0131ml\u0131 muhalifler\u2019 olarak adland\u0131r\u0131ld\u0131klar\u0131na vurgu yapt\u0131."},"content":{"rendered":"<p>D\u00fcn Bel\u00e7ika\u2019n\u0131n ba\u015fkenti Br\u00fcksel\u2019de bombal\u0131 ter\u00f6r eylemlerini ger\u00e7ekle\u015ftirenler ya da daha \u00f6nce Paris veya ba\u015fka kentlerde ter\u00f6r eylemlerinde bulunanlar\u0131n bir k\u0131sm\u0131n\u0131n \u00fclkelerine d\u00f6nmelerinden \u00f6nce Suriye&#8217;de Suriye halk\u0131na kar\u015f\u0131 sava\u015ft\u0131klar\u0131n\u0131 ve masum sivilleri vah\u015fice katlettiklerine dikkat \u00e7eken Caferi; bunlar\u0131n Suriye\u2019deyken \u2018silahl\u0131 muhalifler\u2019 veya \u2018\u0131l\u0131ml\u0131 muhalifler\u2019 olarak adland\u0131r\u0131ld\u0131klar\u0131na vurgu yapt\u0131.<\/p>\n","protected":false},"excerpt":{"rendered":"<p>D\u00fcn Bel\u00e7ika\u2019n\u0131n ba\u015fkenti Br\u00fcksel\u2019de bombal\u0131 ter\u00f6r eylemlerini ger\u00e7ekle\u015ftirenler ya da daha \u00f6nce Paris veya ba\u015fka kentlerde ter\u00f6r eylemlerinde bulunanlar\u0131n bir k\u0131sm\u0131n\u0131n \u00fclkelerine d\u00f6nmelerinden \u00f6nce Suriye&#8217;de Suriye halk\u0131na kar\u015f\u0131 sava\u015ft\u0131klar\u0131n\u0131 ve masum sivilleri vah\u015fice katlettiklerine dikkat \u00e7eken Caferi; bunlar\u0131n Suriye\u2019deyken \u2018silahl\u0131 muhalifler\u2019 veya \u2018\u0131l\u0131ml\u0131 muhalifler\u2019 olarak adland\u0131r\u0131ld\u0131klar\u0131na vurgu yapt\u0131.<\/p>\n","protected":false},"author":1,"featured_media":0,"comment_status":"closed","ping_status":"closed","sticky":false,"template":"","format":"standard","meta":{"footnotes":""},"categories":[17991],"tags":[],"class_list":["post-66076","post","type-post","status-publish","format-standard","","category-son-dakika"],"_links":{"self":[{"href":"https:\/\/archive.sana.sy\/tr\/index.php?rest_route=\/wp\/v2\/posts\/66076","targetHints":{"allow":["GET"]}}],"collection":[{"href":"https:\/\/archive.sana.sy\/tr\/index.php?rest_route=\/wp\/v2\/posts"}],"about":[{"href":"https:\/\/archive.sana.sy\/tr\/index.php?rest_route=\/wp\/v2\/types\/post"}],"author":[{"embeddable":true,"href":"https:\/\/archive.sana.sy\/tr\/index.php?rest_route=\/wp\/v2\/users\/1"}],"replies":[{"embeddable":true,"href":"https:\/\/archive.sana.sy\/tr\/index.php?rest_route=%2Fwp%2Fv2%2Fcomments&post=66076"}],"version-history":[{"count":0,"href":"https:\/\/archive.sana.sy\/tr\/index.php?rest_route=\/wp\/v2\/posts\/66076\/revisions"}],"wp:attachment":[{"href":"https:\/\/archive.sana.sy\/tr\/index.php?rest_route=%2Fwp%2Fv2%2Fmedia&parent=66076"}],"wp:term":[{"taxonomy":"category","embeddable":true,"href":"https:\/\/archive.sana.sy\/tr\/index.php?rest_route=%2Fwp%2Fv2%2Fcategories&post=66076"},{"taxonomy":"post_tag","embeddable":true,"href":"https:\/\/archive.sana.sy\/tr\/index.php?rest_route=%2Fwp%2Fv2%2Ftags&post=66076"}],"curies":[{"name":"wp","href":"https:\/\/api.w.org\/{rel}","templated":true}]}}