{"id":66080,"date":"2016-03-23T12:40:57","date_gmt":"2016-03-23T10:40:57","guid":{"rendered":"http:\/\/sana.sy\/tr\/?p=66080"},"modified":"2016-03-23T12:40:57","modified_gmt":"2016-03-23T10:40:57","slug":"bmgkden-cikan-yan-raporlarda-suriyede-halka-karsi-vahset-dolu-suclar-isleyen-binlerce-yabanci-teroristin-bulundugunun-net-ve-acik-bir-sekilde-belirtildigine-dikkat-ceken-caferi-buna-ragmen","status":"publish","type":"post","link":"https:\/\/archive.sana.sy\/tr\/?p=66080","title":{"rendered":"BMGK\u2019den \u00e7\u0131kan yan raporlarda Suriye&#8217;de halka kar\u015f\u0131 vah\u015fet dolu su\u00e7lar i\u015fleyen binlerce yabanc\u0131 ter\u00f6ristin bulundu\u011funun net ve a\u00e7\u0131k bir \u015fekilde belirtildi\u011fine dikkat \u00e7eken Caferi; buna ra\u011fmen Bat\u0131l\u0131 kimi taraflar\u0131n bunlara \u2018\u0131l\u0131ml\u0131 muhalifler\u2019 ad\u0131n\u0131 vermekten utanmad\u0131klar\u0131na vurgu yapt\u0131"},"content":{"rendered":"<p>BMGK\u2019den \u00e7\u0131kan yan raporlarda Suriye&#8217;de halka kar\u015f\u0131 vah\u015fet dolu su\u00e7lar i\u015fleyen binlerce yabanc\u0131 ter\u00f6ristin bulundu\u011funun net ve a\u00e7\u0131k bir \u015fekilde belirtildi\u011fine dikkat \u00e7eken Caferi; buna ra\u011fmen Bat\u0131l\u0131 kimi taraflar\u0131n bunlara \u2018\u0131l\u0131ml\u0131 muhalifler\u2019 ad\u0131n\u0131 vermekten utanmad\u0131klar\u0131na vurgu yapt\u0131<\/p>\n","protected":false},"excerpt":{"rendered":"<p>BMGK\u2019den \u00e7\u0131kan yan raporlarda Suriye&#8217;de halka kar\u015f\u0131 vah\u015fet dolu su\u00e7lar i\u015fleyen binlerce yabanc\u0131 ter\u00f6ristin bulundu\u011funun net ve a\u00e7\u0131k bir \u015fekilde belirtildi\u011fine dikkat \u00e7eken Caferi; buna ra\u011fmen Bat\u0131l\u0131 kimi taraflar\u0131n bunlara \u2018\u0131l\u0131ml\u0131 muhalifler\u2019 ad\u0131n\u0131 vermekten utanmad\u0131klar\u0131na vurgu yapt\u0131<\/p>\n","protected":false},"author":1,"featured_media":0,"comment_status":"closed","ping_status":"closed","sticky":false,"template":"","format":"standard","meta":{"footnotes":""},"categories":[17991],"tags":[],"class_list":["post-66080","post","type-post","status-publish","format-standard","","category-son-dakika"],"_links":{"self":[{"href":"https:\/\/archive.sana.sy\/tr\/index.php?rest_route=\/wp\/v2\/posts\/66080","targetHints":{"allow":["GET"]}}],"collection":[{"href":"https:\/\/archive.sana.sy\/tr\/index.php?rest_route=\/wp\/v2\/posts"}],"about":[{"href":"https:\/\/archive.sana.sy\/tr\/index.php?rest_route=\/wp\/v2\/types\/post"}],"author":[{"embeddable":true,"href":"https:\/\/archive.sana.sy\/tr\/index.php?rest_route=\/wp\/v2\/users\/1"}],"replies":[{"embeddable":true,"href":"https:\/\/archive.sana.sy\/tr\/index.php?rest_route=%2Fwp%2Fv2%2Fcomments&post=66080"}],"version-history":[{"count":0,"href":"https:\/\/archive.sana.sy\/tr\/index.php?rest_route=\/wp\/v2\/posts\/66080\/revisions"}],"wp:attachment":[{"href":"https:\/\/archive.sana.sy\/tr\/index.php?rest_route=%2Fwp%2Fv2%2Fmedia&parent=66080"}],"wp:term":[{"taxonomy":"category","embeddable":true,"href":"https:\/\/archive.sana.sy\/tr\/index.php?rest_route=%2Fwp%2Fv2%2Fcategories&post=66080"},{"taxonomy":"post_tag","embeddable":true,"href":"https:\/\/archive.sana.sy\/tr\/index.php?rest_route=%2Fwp%2Fv2%2Ftags&post=66080"}],"curies":[{"name":"wp","href":"https:\/\/api.w.org\/{rel}","templated":true}]}}