{"id":66086,"date":"2016-03-23T12:58:10","date_gmt":"2016-03-23T10:58:10","guid":{"rendered":"http:\/\/sana.sy\/tr\/?p=66086"},"modified":"2016-03-24T09:06:53","modified_gmt":"2016-03-24T07:06:53","slug":"onlarca-aile-evlerine-dondu-2","status":"publish","type":"post","link":"https:\/\/archive.sana.sy\/tr\/?p=66086","title":{"rendered":"Onlarca Aile Evlerine D\u00f6nd\u00fc"},"content":{"rendered":"<p>HAMA \u2013 Hama k\u0131rsal\u0131n\u0131n do\u011fusu Hamra Nahiyesinin bir\u00e7ok k\u00f6y\u00fcnde bu ay\u0131n ba\u015flar\u0131nda sa\u011flanan yerel ulusal uzla\u015fma anla\u015fmas\u0131n\u0131n ikinci s\u00fcreci kapsam\u0131nda bu sabah \u00e7ok say\u0131da aile evlerine d\u00f6nmeye ba\u015flad\u0131.<\/p>\n<p>Hama Valisi Gassan Halef SANA\u2019ya yapt\u0131\u011f\u0131 a\u00e7\u0131klamada; ilgili resmi kurumlar ile Be\u015fakim A\u015fireti aras\u0131nda sa\u011flanan anla\u015fman\u0131n ikinci s\u00fcrecinin Hamra Nahiyesine tabi Bera, Huveyca, Kasr el Mahram ve Bat\u0131 Cneyna k\u00f6ylerine onlarca ailenin evlerine d\u00f6nmelerini kapsad\u0131\u011f\u0131na i\u015faret etti. Vali Halef anla\u015fman\u0131n bir sonraki s\u00fcrecinin yine b\u00f6lgede bir dizi k\u00f6ye onlarca ailenin evlerine d\u00f6nmeleri ve normal ya\u015famlar\u0131n\u0131 s\u00fcrd\u00fcrmelerini \u00f6ng\u00f6rd\u00fc\u011f\u00fcne dikkat \u00e7ekti.<\/p>\n<p>Anla\u015fman\u0131n ilk s\u00fcrecinin uyguland\u0131\u011f\u0131 15 Mart tarihinde Kuzey Fan K\u00f6y\u00fcne yine onlarca aile evlerine d\u00f6nm\u00fc\u015ft\u00fc.<\/p>\n<p>7 Mart tarihinde Hama Valili\u011finde k\u0131rsalda halk\u0131n \u00f6nde gelenleri, a\u015firet \u015feyhleri ve sivil toplum temsilcileri ile ulusal uzla\u015fma ama\u00e7l\u0131 geni\u015f bir toplant\u0131 d\u00fczenlenmi\u015fti.<\/p>\n","protected":false},"excerpt":{"rendered":"<p>HAMA \u2013 Hama k\u0131rsal\u0131n\u0131n do\u011fusu Hamra Nahiyesinin bir\u00e7ok k\u00f6y\u00fcnde bu ay\u0131n ba\u015flar\u0131nda sa\u011flanan yerel ulusal uzla\u015fma anla\u015fmas\u0131n\u0131n ikinci s\u00fcreci kapsam\u0131nda bu sabah \u00e7ok say\u0131da aile evlerine d\u00f6nmeye ba\u015flad\u0131. Hama Valisi Gassan Halef SANA\u2019ya yapt\u0131\u011f\u0131 a\u00e7\u0131klamada; ilgili resmi kurumlar ile Be\u015fakim A\u015fireti aras\u0131nda sa\u011flanan anla\u015fman\u0131n ikinci s\u00fcrecinin Hamra Nahiyesine tabi Bera, Huveyca, Kasr el Mahram ve &hellip;<\/p>\n","protected":false},"author":1,"featured_media":66088,"comment_status":"closed","ping_status":"closed","sticky":false,"template":"","format":"standard","meta":{"footnotes":""},"categories":[479,17988,478],"tags":[18580,20003,19865,18157,20004],"class_list":["post-66086","post","type-post","status-publish","format-standard","has-post-thumbnail","","category-haberler-yerel","category-son-haberler","category-yerel","tag-hama-kirsali","tag-onlarca-aile-evlerine-dondu","tag-suriyeliler-evlerine-donuyor","tag-ulusal-uzlasma","tag-yerel-uzlasma"],"_links":{"self":[{"href":"https:\/\/archive.sana.sy\/tr\/index.php?rest_route=\/wp\/v2\/posts\/66086","targetHints":{"allow":["GET"]}}],"collection":[{"href":"https:\/\/archive.sana.sy\/tr\/index.php?rest_route=\/wp\/v2\/posts"}],"about":[{"href":"https:\/\/archive.sana.sy\/tr\/index.php?rest_route=\/wp\/v2\/types\/post"}],"author":[{"embeddable":true,"href":"https:\/\/archive.sana.sy\/tr\/index.php?rest_route=\/wp\/v2\/users\/1"}],"replies":[{"embeddable":true,"href":"https:\/\/archive.sana.sy\/tr\/index.php?rest_route=%2Fwp%2Fv2%2Fcomments&post=66086"}],"version-history":[{"count":0,"href":"https:\/\/archive.sana.sy\/tr\/index.php?rest_route=\/wp\/v2\/posts\/66086\/revisions"}],"wp:featuredmedia":[{"embeddable":true,"href":"https:\/\/archive.sana.sy\/tr\/index.php?rest_route=\/wp\/v2\/media\/66088"}],"wp:attachment":[{"href":"https:\/\/archive.sana.sy\/tr\/index.php?rest_route=%2Fwp%2Fv2%2Fmedia&parent=66086"}],"wp:term":[{"taxonomy":"category","embeddable":true,"href":"https:\/\/archive.sana.sy\/tr\/index.php?rest_route=%2Fwp%2Fv2%2Fcategories&post=66086"},{"taxonomy":"post_tag","embeddable":true,"href":"https:\/\/archive.sana.sy\/tr\/index.php?rest_route=%2Fwp%2Fv2%2Ftags&post=66086"}],"curies":[{"name":"wp","href":"https:\/\/api.w.org\/{rel}","templated":true}]}}