{"id":66090,"date":"2016-03-23T11:01:45","date_gmt":"2016-03-23T09:01:45","guid":{"rendered":"http:\/\/sana.sy\/tr\/?p=66090"},"modified":"2016-03-24T09:07:21","modified_gmt":"2016-03-24T07:07:21","slug":"isidin-bir-kisim-turk-taraflardan-finans-sagladigini-belirten-kaynaklarimiz-var","status":"publish","type":"post","link":"https:\/\/archive.sana.sy\/tr\/?p=66090","title":{"rendered":"I\u015e\u0130D\u2019in Bir K\u0131s\u0131m T\u00fcrk Taraflardan Finans Sa\u011flad\u0131\u011f\u0131n\u0131 Belirten Kaynaklar\u0131m\u0131z Var"},"content":{"rendered":"<p>MOSKOVA \u2013 Rusya D\u0131\u015fi\u015fleri Bakan\u0131 Sergey Lavrov Moskova\u2019ya i\u015f gezisinde bulunan Alman mevkida\u015f\u0131 Frank-Walter Steinmeyer ile bulundu\u011fu temaslar\u0131n ard\u0131ndan ortak bas\u0131n toplant\u0131s\u0131 d\u00fczenledi.<\/p>\n<p>Bas\u0131n toplant\u0131s\u0131nda Lavrov Steinmeyer ile Suriye&#8217;de \u00e7at\u0131\u015fmalar\u0131 durdurma anla\u015fmas\u0131n\u0131n ihlal edilmemesini garantileyecek y\u00f6ntemler konusunda g\u00f6r\u00fc\u015f al\u0131\u015fveri\u015finde bulunduklar\u0131n\u0131 a\u00e7\u0131klad\u0131. \u0130ki taraf\u0131n Cenevre&#8217;de Suriyeliler aras\u0131nda diyalog g\u00f6r\u00fc\u015fmelerini desteklediklerini ifade eden Lavrov; diyalog g\u00f6r\u00fc\u015fmelerinin devam etmesi ve bu g\u00f6r\u00fc\u015fmelerde Suriye halk\u0131n\u0131n istisnas\u0131z t\u00fcm bile\u015fenlerinin temsil edilmesi gere\u011fini vurgulad\u0131klar\u0131n\u0131 s\u00f6zlerine ekledi.<\/p>\n<p>Lavrov T\u00fcrkiye s\u0131n\u0131rlar\u0131 \u00fczerinden Suriye&#8217;ye ter\u00f6rist ve finans ak\u0131m\u0131n\u0131n nispi olarak azalmas\u0131na ra\u011fmen hen\u00fcz kesilmedi\u011finin alt\u0131n\u0131 \u00e7izerken, Moskova\u2019n\u0131n I\u015e\u0130D\u2019in bir k\u0131s\u0131m T\u00fcrk taraflardan finans temin etti\u011fini belirten kaynaklara sahip oldu\u011funu vurgulad\u0131.<\/p>\n<p>Rusya D\u0131\u015fi\u015fleri Bakan\u0131 Lavrov d\u00fcnya ve halklar\u0131na kar\u015f\u0131 ciddi bir tehdit te\u015fkil eden ter\u00f6re kar\u015f\u0131 m\u00fccadelede \u00e7abalar\u0131n birle\u015ftirilmesi i\u00e7in Avrupa devletlerinin jeopolitik oyunlar\u0131ndan caymas\u0131n\u0131 umut etti\u011fini s\u00f6yledi.<\/p>\n<p>Bas\u0131n konferans\u0131nda Almanya D\u0131\u015fi\u015fleri Bakan\u0131 Steinmeyer Suriye&#8217;deki krizin siyasi yollarla \u00e7\u00f6z\u00fclmesi gere\u011fine bir kez daha vurgu yaparken, uluslar aras\u0131 toplumun bu y\u00f6nde istekli olmas\u0131yla ciddi bir ilerleme kaydedildi\u011fini s\u00f6zlerine ekledi.<\/p>\n","protected":false},"excerpt":{"rendered":"<p>MOSKOVA \u2013 Rusya D\u0131\u015fi\u015fleri Bakan\u0131 Sergey Lavrov Moskova\u2019ya i\u015f gezisinde bulunan Alman mevkida\u015f\u0131 Frank-Walter Steinmeyer ile bulundu\u011fu temaslar\u0131n ard\u0131ndan ortak bas\u0131n toplant\u0131s\u0131 d\u00fczenledi. Bas\u0131n toplant\u0131s\u0131nda Lavrov Steinmeyer ile Suriye&#8217;de \u00e7at\u0131\u015fmalar\u0131 durdurma anla\u015fmas\u0131n\u0131n ihlal edilmemesini garantileyecek y\u00f6ntemler konusunda g\u00f6r\u00fc\u015f al\u0131\u015fveri\u015finde bulunduklar\u0131n\u0131 a\u00e7\u0131klad\u0131. \u0130ki taraf\u0131n Cenevre&#8217;de Suriyeliler aras\u0131nda diyalog g\u00f6r\u00fc\u015fmelerini desteklediklerini ifade eden Lavrov; diyalog g\u00f6r\u00fc\u015fmelerinin devam &hellip;<\/p>\n","protected":false},"author":1,"featured_media":66092,"comment_status":"closed","ping_status":"closed","sticky":false,"template":"","format":"standard","meta":{"footnotes":""},"categories":[458,459,17988],"tags":[20005,18364,18237,9401,10651,17320,20006],"class_list":["post-66090","post","type-post","status-publish","format-standard","has-post-thumbnail","","category-dunya1","category-haberler-arap-uluslararasi-politika","category-son-haberler","tag-almanya-disisleri-bakanifrank-walter-steinmeyer","tag-cihat","tag-cihatcilar","tag-erdogan","tag-rusya-disisleri-bakani-sergey-lavrov","tag-tekfirciler","tag-turkiye-rejimi-isidi-destekliyor"],"_links":{"self":[{"href":"https:\/\/archive.sana.sy\/tr\/index.php?rest_route=\/wp\/v2\/posts\/66090","targetHints":{"allow":["GET"]}}],"collection":[{"href":"https:\/\/archive.sana.sy\/tr\/index.php?rest_route=\/wp\/v2\/posts"}],"about":[{"href":"https:\/\/archive.sana.sy\/tr\/index.php?rest_route=\/wp\/v2\/types\/post"}],"author":[{"embeddable":true,"href":"https:\/\/archive.sana.sy\/tr\/index.php?rest_route=\/wp\/v2\/users\/1"}],"replies":[{"embeddable":true,"href":"https:\/\/archive.sana.sy\/tr\/index.php?rest_route=%2Fwp%2Fv2%2Fcomments&post=66090"}],"version-history":[{"count":0,"href":"https:\/\/archive.sana.sy\/tr\/index.php?rest_route=\/wp\/v2\/posts\/66090\/revisions"}],"wp:featuredmedia":[{"embeddable":true,"href":"https:\/\/archive.sana.sy\/tr\/index.php?rest_route=\/wp\/v2\/media\/66092"}],"wp:attachment":[{"href":"https:\/\/archive.sana.sy\/tr\/index.php?rest_route=%2Fwp%2Fv2%2Fmedia&parent=66090"}],"wp:term":[{"taxonomy":"category","embeddable":true,"href":"https:\/\/archive.sana.sy\/tr\/index.php?rest_route=%2Fwp%2Fv2%2Fcategories&post=66090"},{"taxonomy":"post_tag","embeddable":true,"href":"https:\/\/archive.sana.sy\/tr\/index.php?rest_route=%2Fwp%2Fv2%2Ftags&post=66090"}],"curies":[{"name":"wp","href":"https:\/\/api.w.org\/{rel}","templated":true}]}}