{"id":66097,"date":"2016-03-23T10:59:17","date_gmt":"2016-03-23T08:59:17","guid":{"rendered":"http:\/\/sana.sy\/tr\/?p=66097"},"modified":"2016-03-24T09:07:29","modified_gmt":"2016-03-24T07:07:29","slug":"uzun-ve-sabir-isteyen-bir-surectir","status":"publish","type":"post","link":"https:\/\/archive.sana.sy\/tr\/?p=66097","title":{"rendered":"Uzun ve Sab\u0131r \u0130steyen Bir S\u00fcre\u00e7tir"},"content":{"rendered":"<p>MOSKOVA \u2013 Rusya Ba\u015fkanl\u0131k Saray\u0131 Kremlin s\u00f6zc\u00fcs\u00fc Dmitry Peskov Suriyeliler aras\u0131ndaki diyalog g\u00f6r\u00fc\u015fmelerinin uzun ve sab\u0131r gerektiren bir s\u00fcre\u00e7 olaca\u011f\u0131n\u0131 s\u00f6yledi.<\/p>\n<p>Peskov bug\u00fcn yapt\u0131\u011f\u0131 ve Sputnik Ajans\u0131n\u0131n aktard\u0131\u011f\u0131 bas\u0131n a\u00e7\u0131klamalar\u0131nda; kimsenin bu g\u00f6r\u00fc\u015fmelerin kolay olmas\u0131n\u0131 beklememesi gerekti\u011fini ifade ederken, t\u00fcm taraflar\u0131n da sab\u0131rl\u0131 olmas\u0131 \u00f6nemini ifade etti.<\/p>\n<p>Uluslar aras\u0131 ter\u00f6re kar\u015f\u0131 m\u00fccadele eden taraflar\u0131n hala \u00e7abalar\u0131n\u0131 birle\u015ftirmeleri ve yap\u0131c\u0131 i\u015fbirli\u011finde bulunmalar\u0131ndan uzak olduklar\u0131na dikkat \u00e7eken Peskov; \u00f6zel g\u00fc\u00e7ler arac\u0131\u011f\u0131 ile i\u015fbirli\u011finin mevcut olmas\u0131na ra\u011fmen bu i\u015fbirli\u011finin hala yetersiz oldu\u011funu s\u00f6yledi.<\/p>\n","protected":false},"excerpt":{"rendered":"<p>MOSKOVA \u2013 Rusya Ba\u015fkanl\u0131k Saray\u0131 Kremlin s\u00f6zc\u00fcs\u00fc Dmitry Peskov Suriyeliler aras\u0131ndaki diyalog g\u00f6r\u00fc\u015fmelerinin uzun ve sab\u0131r gerektiren bir s\u00fcre\u00e7 olaca\u011f\u0131n\u0131 s\u00f6yledi. Peskov bug\u00fcn yapt\u0131\u011f\u0131 ve Sputnik Ajans\u0131n\u0131n aktard\u0131\u011f\u0131 bas\u0131n a\u00e7\u0131klamalar\u0131nda; kimsenin bu g\u00f6r\u00fc\u015fmelerin kolay olmas\u0131n\u0131 beklememesi gerekti\u011fini ifade ederken, t\u00fcm taraflar\u0131n da sab\u0131rl\u0131 olmas\u0131 \u00f6nemini ifade etti. Uluslar aras\u0131 ter\u00f6re kar\u015f\u0131 m\u00fccadele eden taraflar\u0131n hala &hellip;<\/p>\n","protected":false},"author":1,"featured_media":64956,"comment_status":"closed","ping_status":"closed","sticky":false,"template":"","format":"standard","meta":{"footnotes":""},"categories":[458,459,17988],"tags":[20008,20007],"class_list":["post-66097","post","type-post","status-publish","format-standard","has-post-thumbnail","","category-dunya1","category-haberler-arap-uluslararasi-politika","category-son-haberler","tag-usya-baskanlik-sarayi-kremlin-sozcusu-dmitry-peskov","tag-uzun-ve-sabir-isteyen-bir-surectir"],"_links":{"self":[{"href":"https:\/\/archive.sana.sy\/tr\/index.php?rest_route=\/wp\/v2\/posts\/66097","targetHints":{"allow":["GET"]}}],"collection":[{"href":"https:\/\/archive.sana.sy\/tr\/index.php?rest_route=\/wp\/v2\/posts"}],"about":[{"href":"https:\/\/archive.sana.sy\/tr\/index.php?rest_route=\/wp\/v2\/types\/post"}],"author":[{"embeddable":true,"href":"https:\/\/archive.sana.sy\/tr\/index.php?rest_route=\/wp\/v2\/users\/1"}],"replies":[{"embeddable":true,"href":"https:\/\/archive.sana.sy\/tr\/index.php?rest_route=%2Fwp%2Fv2%2Fcomments&post=66097"}],"version-history":[{"count":0,"href":"https:\/\/archive.sana.sy\/tr\/index.php?rest_route=\/wp\/v2\/posts\/66097\/revisions"}],"wp:featuredmedia":[{"embeddable":true,"href":"https:\/\/archive.sana.sy\/tr\/index.php?rest_route=\/wp\/v2\/media\/64956"}],"wp:attachment":[{"href":"https:\/\/archive.sana.sy\/tr\/index.php?rest_route=%2Fwp%2Fv2%2Fmedia&parent=66097"}],"wp:term":[{"taxonomy":"category","embeddable":true,"href":"https:\/\/archive.sana.sy\/tr\/index.php?rest_route=%2Fwp%2Fv2%2Fcategories&post=66097"},{"taxonomy":"post_tag","embeddable":true,"href":"https:\/\/archive.sana.sy\/tr\/index.php?rest_route=%2Fwp%2Fv2%2Ftags&post=66097"}],"curies":[{"name":"wp","href":"https:\/\/api.w.org\/{rel}","templated":true}]}}