{"id":66099,"date":"2016-03-23T10:26:08","date_gmt":"2016-03-23T08:26:08","guid":{"rendered":"http:\/\/sana.sy\/tr\/?p=66099"},"modified":"2016-03-23T13:47:15","modified_gmt":"2016-03-23T11:47:15","slug":"askeri-kaynak-ordu-birliklerimizin-deyrezzor-ve-kirsalinin-muhtelif-bolgelerinde-isid-tekfircilerini-agir-kayiplara-ugratmaya-devam-ettiklerini-belirtirken-deyrezzor-kentinin-sanayi-semti-kenarlarinda","status":"publish","type":"post","link":"https:\/\/archive.sana.sy\/tr\/?p=66099","title":{"rendered":"Askeri kaynak ordu birliklerimizin Deyrezzor ve k\u0131rsal\u0131n\u0131n muhtelif b\u00f6lgelerinde I\u015e\u0130D tekfircilerini a\u011f\u0131r kay\u0131plara u\u011fratmaya devam ettiklerini belirtirken Deyrezzor Kentinin Sanayi Semti kenarlar\u0131nda intihar eylemcisi bir I\u015e\u0130D\u2019linin kulland\u0131\u011f\u0131 bombal\u0131 bir arac\u0131 hedefe ula\u015fmadan \u00f6nce imha ettiklerini belirtti"},"content":{"rendered":"<p>Askeri kaynak ordu birliklerimizin Deyrezzor ve k\u0131rsal\u0131n\u0131n muhtelif b\u00f6lgelerinde I\u015e\u0130D tekfircilerini a\u011f\u0131r kay\u0131plara u\u011fratmaya devam ettiklerini belirtirken Deyrezzor Kentinin Sanayi Semti kenarlar\u0131nda intihar eylemcisi bir I\u015e\u0130D\u2019linin kulland\u0131\u011f\u0131 bombal\u0131 bir arac\u0131 hedefe ula\u015fmadan \u00f6nce imha ettiklerini belirtti<\/p>\n","protected":false},"excerpt":{"rendered":"<p>Askeri kaynak ordu birliklerimizin Deyrezzor ve k\u0131rsal\u0131n\u0131n muhtelif b\u00f6lgelerinde I\u015e\u0130D tekfircilerini a\u011f\u0131r kay\u0131plara u\u011fratmaya devam ettiklerini belirtirken Deyrezzor Kentinin Sanayi Semti kenarlar\u0131nda intihar eylemcisi bir I\u015e\u0130D\u2019linin kulland\u0131\u011f\u0131 bombal\u0131 bir arac\u0131 hedefe ula\u015fmadan \u00f6nce imha ettiklerini belirtti<\/p>\n","protected":false},"author":1,"featured_media":0,"comment_status":"closed","ping_status":"closed","sticky":false,"template":"","format":"standard","meta":{"footnotes":""},"categories":[17991],"tags":[],"class_list":["post-66099","post","type-post","status-publish","format-standard","","category-son-dakika"],"_links":{"self":[{"href":"https:\/\/archive.sana.sy\/tr\/index.php?rest_route=\/wp\/v2\/posts\/66099","targetHints":{"allow":["GET"]}}],"collection":[{"href":"https:\/\/archive.sana.sy\/tr\/index.php?rest_route=\/wp\/v2\/posts"}],"about":[{"href":"https:\/\/archive.sana.sy\/tr\/index.php?rest_route=\/wp\/v2\/types\/post"}],"author":[{"embeddable":true,"href":"https:\/\/archive.sana.sy\/tr\/index.php?rest_route=\/wp\/v2\/users\/1"}],"replies":[{"embeddable":true,"href":"https:\/\/archive.sana.sy\/tr\/index.php?rest_route=%2Fwp%2Fv2%2Fcomments&post=66099"}],"version-history":[{"count":0,"href":"https:\/\/archive.sana.sy\/tr\/index.php?rest_route=\/wp\/v2\/posts\/66099\/revisions"}],"wp:attachment":[{"href":"https:\/\/archive.sana.sy\/tr\/index.php?rest_route=%2Fwp%2Fv2%2Fmedia&parent=66099"}],"wp:term":[{"taxonomy":"category","embeddable":true,"href":"https:\/\/archive.sana.sy\/tr\/index.php?rest_route=%2Fwp%2Fv2%2Fcategories&post=66099"},{"taxonomy":"post_tag","embeddable":true,"href":"https:\/\/archive.sana.sy\/tr\/index.php?rest_route=%2Fwp%2Fv2%2Ftags&post=66099"}],"curies":[{"name":"wp","href":"https:\/\/api.w.org\/{rel}","templated":true}]}}