{"id":66169,"date":"2016-03-23T10:45:05","date_gmt":"2016-03-23T08:45:05","guid":{"rendered":"http:\/\/sana.sy\/tr\/?p=66169"},"modified":"2016-03-23T14:43:17","modified_gmt":"2016-03-23T12:43:17","slug":"bir-kez-daha-cabalari-birlestirme-geregini-ortaya-serdi","status":"publish","type":"post","link":"https:\/\/archive.sana.sy\/tr\/?p=66169","title":{"rendered":"Bir Kez Daha \u00c7abalar\u0131 Birle\u015ftirme Gere\u011fini Ortaya Serdi"},"content":{"rendered":"<p>BEYRUT \u2013 Antakya ve T\u00fcm Do\u011fu Melkite Rum Katolikler Patri\u011fi III. Grigorios Lahham ter\u00f6re kar\u015f\u0131 m\u00fccadelede ciddi ve etkin \u00e7abalar harcay\u0131p i\u015fbirli\u011fi i\u00e7inde olmalar\u0131na \u00e7a\u011f\u0131rd\u0131.<\/p>\n<p>Patrik Lahham bug\u00fcn yay\u0131nlad\u0131\u011f\u0131 b\u00fcltende d\u00fcn Bel\u00e7ika\u2019n\u0131n ba\u015fkenti Br\u00fcksel\u2019de meydana gelen ter\u00f6r sald\u0131r\u0131lar\u0131n\u0131n, t\u00fcm d\u00fcnyan\u0131n Suriye ve Irak\u2019tan ba\u015flayarak ter\u00f6rle m\u00fccadelede \u00e7abalar\u0131n\u0131 yo\u011funla\u015ft\u0131r\u0131p birle\u015ftirmeleri gere\u011fini bir kez daha ortaya serdi\u011fine dikkat \u00e7ekti.<\/p>\n","protected":false},"excerpt":{"rendered":"<p>BEYRUT \u2013 Antakya ve T\u00fcm Do\u011fu Melkite Rum Katolikler Patri\u011fi III. Grigorios Lahham ter\u00f6re kar\u015f\u0131 m\u00fccadelede ciddi ve etkin \u00e7abalar harcay\u0131p i\u015fbirli\u011fi i\u00e7inde olmalar\u0131na \u00e7a\u011f\u0131rd\u0131. Patrik Lahham bug\u00fcn yay\u0131nlad\u0131\u011f\u0131 b\u00fcltende d\u00fcn Bel\u00e7ika\u2019n\u0131n ba\u015fkenti Br\u00fcksel\u2019de meydana gelen ter\u00f6r sald\u0131r\u0131lar\u0131n\u0131n, t\u00fcm d\u00fcnyan\u0131n Suriye ve Irak\u2019tan ba\u015flayarak ter\u00f6rle m\u00fccadelede \u00e7abalar\u0131n\u0131 yo\u011funla\u015ft\u0131r\u0131p birle\u015ftirmeleri gere\u011fini bir kez daha ortaya serdi\u011fine &hellip;<\/p>\n","protected":false},"author":1,"featured_media":66171,"comment_status":"closed","ping_status":"closed","sticky":false,"template":"","format":"standard","meta":{"footnotes":""},"categories":[458,459,17988],"tags":[18179,4076],"class_list":["post-66169","post","type-post","status-publish","format-standard","has-post-thumbnail","","category-dunya1","category-haberler-arap-uluslararasi-politika","category-son-haberler","tag-antakya-ve-tum-dogu-melkite-rum-katolikler-patrigi-iii-grigorios-lahham","tag-terorle-mucadele"],"_links":{"self":[{"href":"https:\/\/archive.sana.sy\/tr\/index.php?rest_route=\/wp\/v2\/posts\/66169","targetHints":{"allow":["GET"]}}],"collection":[{"href":"https:\/\/archive.sana.sy\/tr\/index.php?rest_route=\/wp\/v2\/posts"}],"about":[{"href":"https:\/\/archive.sana.sy\/tr\/index.php?rest_route=\/wp\/v2\/types\/post"}],"author":[{"embeddable":true,"href":"https:\/\/archive.sana.sy\/tr\/index.php?rest_route=\/wp\/v2\/users\/1"}],"replies":[{"embeddable":true,"href":"https:\/\/archive.sana.sy\/tr\/index.php?rest_route=%2Fwp%2Fv2%2Fcomments&post=66169"}],"version-history":[{"count":0,"href":"https:\/\/archive.sana.sy\/tr\/index.php?rest_route=\/wp\/v2\/posts\/66169\/revisions"}],"wp:featuredmedia":[{"embeddable":true,"href":"https:\/\/archive.sana.sy\/tr\/index.php?rest_route=\/wp\/v2\/media\/66171"}],"wp:attachment":[{"href":"https:\/\/archive.sana.sy\/tr\/index.php?rest_route=%2Fwp%2Fv2%2Fmedia&parent=66169"}],"wp:term":[{"taxonomy":"category","embeddable":true,"href":"https:\/\/archive.sana.sy\/tr\/index.php?rest_route=%2Fwp%2Fv2%2Fcategories&post=66169"},{"taxonomy":"post_tag","embeddable":true,"href":"https:\/\/archive.sana.sy\/tr\/index.php?rest_route=%2Fwp%2Fv2%2Ftags&post=66169"}],"curies":[{"name":"wp","href":"https:\/\/api.w.org\/{rel}","templated":true}]}}