{"id":66176,"date":"2016-03-23T15:16:08","date_gmt":"2016-03-23T13:16:08","guid":{"rendered":"http:\/\/sana.sy\/tr\/?p=66176"},"modified":"2016-03-24T13:12:35","modified_gmt":"2016-03-24T11:12:35","slug":"isid-ve-nusra-cephesine-yonelik-operasyonlar-araliksiz-devam-ediyor","status":"publish","type":"post","link":"https:\/\/archive.sana.sy\/tr\/?p=66176","title":{"rendered":"I\u015e\u0130D ve Nusra Cephesine Y\u00f6nelik Operasyonlar Aral\u0131ks\u0131z Devam Ediyor(video)"},"content":{"rendered":"<p>\u0130LLER \u2013 Vatan koruyucular\u0131 ordu birliklerimiz I\u015e\u0130D ve Kaide \u00d6rg\u00fct\u00fcn\u00fcn Suriye kolu Nusra Cephesine kar\u015f\u0131 operasyonlar\u0131n\u0131 bug\u00fcn s\u00fcrd\u00fcr\u00fcrlerken, bug\u00fcn yine say\u0131 ve ara\u00e7lar\u0131yla onlar\u0131 a\u011f\u0131r kay\u0131plara u\u011fratt\u0131.<\/p>\n<p><span style=\"color: #0000ff\">HOMS:<\/span><\/p>\n<p>SANA\u2019ya a\u00e7\u0131klama yapan askeri bir kaynak hava g\u00fc\u00e7lerimizden destek alan ordu birliklerimizin bug\u00fcn Homs k\u0131rsal\u0131n\u0131n g\u00fcneydo\u011fusu Karyeteyn ve il k\u0131rsal\u0131n\u0131n do\u011fusu Tedmur kentlerinin yan\u0131 s\u0131ra Tedmur \u2013 Suhna otoyolu \u00fczerinde I\u015e\u0130D mevkileri ve ara\u00e7lar\u0131n\u0131 muhtevalar\u0131yla imha ettiklerini belirtti. Kaynak operasyonlarda aralar\u0131nda saha komutanlar\u0131n\u0131n bulundu\u011fu onlarca tekfircinin \u00f6ld\u00fcr\u00fcld\u00fc\u011f\u00fcn\u00fc, cephane ve ter\u00f6rist ta\u015f\u0131yan bir\u00e7ok arac\u0131n da imha edildi\u011fini aktard\u0131.<\/p>\n<p>Hava g\u00fc\u00e7lerimizin Homs Kentinin yakla\u015f\u0131k 70 km do\u011fusuna d\u00fc\u015fen Um Sahric K\u00f6y\u00fc ve \u015eair Petrol Platformunun bat\u0131s\u0131na ilaveten Vadi Abyad Baraj B\u00f6lgesinde I\u015e\u0130D\u2019in siper ve hareket eksenlerini hedef ald\u0131klar\u0131n\u0131 belirten kaynak; buralarda da yine \u00e7ok say\u0131da ter\u00f6risti \u00f6l\u00fc ve yaral\u0131 d\u00fc\u015f\u00fcr\u00fcp ara\u00e7, silah ve m\u00fchimmatlar\u0131n\u0131 yok ettiklerini s\u00f6yledi.<\/p>\n<p>\u00d6\u011fleden sonra a\u00e7\u0131klama yapan askeri kaynak, ordu birliklerimizin Halk Savunma G\u00fc\u00e7leriyle i\u015fbirli\u011fi i\u00e7inde Homs k\u0131rsal\u0131n\u0131n do\u011fusu Tedmur B\u00f6lgesinde Palmira Kalesinin kuzeybat\u0131s\u0131na d\u00fc\u015fen Tar Da\u011f\u0131n\u0131n kuzey ve bat\u0131 yama\u00e7lar\u0131yla birlikte Tedmur \u00dc\u00e7geninin kenarlar\u0131nda y\u00fcksek say\u0131da tekfirciyi \u00f6ld\u00fcrmeleri ard\u0131ndan bu b\u00f6lgeleri kontrollerine ge\u00e7irdiklerini aktard\u0131.<\/p>\n<p>SANA\u2019ya a\u00e7\u0131klama yapan askeri kaynak ordu birliklerimizin destek\u00e7i g\u00fc\u00e7lerle i\u015fbirli\u011fi i\u00e7inde Homs k\u0131rsal\u0131n\u0131n do\u011fusu Tedmur \u00dc\u00e7geninin yan\u0131 s\u0131ra Tedmur Kentine bat\u0131 ve g\u00fcneybat\u0131 kenarlar\u0131ndan bakan t\u00fcm stratejik b\u00f6lgeleri kontrollerine ge\u00e7irdiklerini belirtti.<\/p>\n<p>https:\/\/www.youtube.com\/watch?v=UvBpDQoqDyA<\/p>\n<p><span style=\"color: #0000ff\">DEYREZZOR:<\/span><\/p>\n<p>Askeri kaynak ordu birliklerimizin Deyrezzor ve k\u0131rsal\u0131n\u0131n muhtelif b\u00f6lgelerinde I\u015e\u0130D tekfircilerini a\u011f\u0131r kay\u0131plara u\u011fratmaya devam ettiklerini belirtirken Deyrezzor Kentinin Sanayi Semti kenarlar\u0131nda intihar eylemcisi bir I\u015e\u0130D\u2019linin kulland\u0131\u011f\u0131 bombal\u0131 bir arac\u0131 hedefe ula\u015fmadan \u00f6nce imha ettiklerini belirtti. Kaynak bombal\u0131 arac\u0131n b\u00fcy\u00fck miktarda patlay\u0131c\u0131 ile haz\u0131rlanm\u0131\u015f oldu\u011funa dikkat \u00e7ekerken, imha edilmesi ard\u0131ndan sald\u0131rgan \u00e7etelerle ya\u015fanan \u00e7at\u0131\u015fmalarda y\u00fcksek say\u0131da ter\u00f6ristin \u00f6ld\u00fcr\u00fcld\u00fc\u011f\u00fcn\u00fc s\u00f6zlerine ekledi.<\/p>\n<p><span style=\"color: #0000ff\">HAMA:<\/span><\/p>\n<p>Askeri kaynak SANA\u2019ya a\u00e7\u0131klamas\u0131nda hava g\u00fc\u00e7lerimizin Hama k\u0131rsal\u0131n\u0131n Ebu Cbeylat, Ukeyrebbat, Ek\u015f, Orta Kastal, Cub el Reyyan, Cruh, Ravda, ,Resm el Tiyna ve Um el Cub b\u00f6lgelerinde I\u015e\u0130D \u00d6rg\u00fct\u00fcn\u00fcn ara\u00e7 ve mevkilerini muhtevalar\u0131yla imha ettiklerini belirtti.<\/p>\n<p>R.H.<\/p>\n","protected":false},"excerpt":{"rendered":"<p>\u0130LLER \u2013 Vatan koruyucular\u0131 ordu birliklerimiz I\u015e\u0130D ve Kaide \u00d6rg\u00fct\u00fcn\u00fcn Suriye kolu Nusra Cephesine kar\u015f\u0131 operasyonlar\u0131n\u0131 bug\u00fcn s\u00fcrd\u00fcr\u00fcrlerken, bug\u00fcn yine say\u0131 ve ara\u00e7lar\u0131yla onlar\u0131 a\u011f\u0131r kay\u0131plara u\u011fratt\u0131. HOMS: SANA\u2019ya a\u00e7\u0131klama yapan askeri bir kaynak hava g\u00fc\u00e7lerimizden destek alan ordu birliklerimizin bug\u00fcn Homs k\u0131rsal\u0131n\u0131n g\u00fcneydo\u011fusu Karyeteyn ve il k\u0131rsal\u0131n\u0131n do\u011fusu Tedmur kentlerinin yan\u0131 s\u0131ra Tedmur \u2013 &hellip;<\/p>\n","protected":false},"author":1,"featured_media":66261,"comment_status":"closed","ping_status":"closed","sticky":false,"template":"","format":"standard","meta":{"footnotes":""},"categories":[575],"tags":[],"class_list":["post-66176","post","type-post","status-publish","format-standard","has-post-thumbnail","","category-olaylar-ve-gercekler"],"_links":{"self":[{"href":"https:\/\/archive.sana.sy\/tr\/index.php?rest_route=\/wp\/v2\/posts\/66176","targetHints":{"allow":["GET"]}}],"collection":[{"href":"https:\/\/archive.sana.sy\/tr\/index.php?rest_route=\/wp\/v2\/posts"}],"about":[{"href":"https:\/\/archive.sana.sy\/tr\/index.php?rest_route=\/wp\/v2\/types\/post"}],"author":[{"embeddable":true,"href":"https:\/\/archive.sana.sy\/tr\/index.php?rest_route=\/wp\/v2\/users\/1"}],"replies":[{"embeddable":true,"href":"https:\/\/archive.sana.sy\/tr\/index.php?rest_route=%2Fwp%2Fv2%2Fcomments&post=66176"}],"version-history":[{"count":0,"href":"https:\/\/archive.sana.sy\/tr\/index.php?rest_route=\/wp\/v2\/posts\/66176\/revisions"}],"wp:featuredmedia":[{"embeddable":true,"href":"https:\/\/archive.sana.sy\/tr\/index.php?rest_route=\/wp\/v2\/media\/66261"}],"wp:attachment":[{"href":"https:\/\/archive.sana.sy\/tr\/index.php?rest_route=%2Fwp%2Fv2%2Fmedia&parent=66176"}],"wp:term":[{"taxonomy":"category","embeddable":true,"href":"https:\/\/archive.sana.sy\/tr\/index.php?rest_route=%2Fwp%2Fv2%2Fcategories&post=66176"},{"taxonomy":"post_tag","embeddable":true,"href":"https:\/\/archive.sana.sy\/tr\/index.php?rest_route=%2Fwp%2Fv2%2Ftags&post=66176"}],"curies":[{"name":"wp","href":"https:\/\/api.w.org\/{rel}","templated":true}]}}