{"id":66179,"date":"2016-03-23T15:22:49","date_gmt":"2016-03-23T13:22:49","guid":{"rendered":"http:\/\/sana.sy\/tr\/?p=66179"},"modified":"2016-03-23T15:22:49","modified_gmt":"2016-03-23T13:22:49","slug":"eczacilar-sendikasi-sam-subesinin-duzenledigi-uluslararasi-ikinci-bilimsel-eczacilik-konferansi-basladi","status":"publish","type":"post","link":"https:\/\/archive.sana.sy\/tr\/?p=66179","title":{"rendered":"Eczac\u0131lar Sendikas\u0131 \u015eam \u015eubesinin d\u00fczenledi\u011fi uluslararas\u0131 ikinci bilimsel eczac\u0131l\u0131k konferans\u0131 ba\u015flad\u0131"},"content":{"rendered":"<p>Eczac\u0131lar Sendikas\u0131 \u015eam \u015eubesinin d\u00fczenledi\u011fi uluslararas\u0131 ikinci bilimsel eczac\u0131l\u0131k konferans\u0131 ba\u015flad\u0131<\/p>\n","protected":false},"excerpt":{"rendered":"<p>Eczac\u0131lar Sendikas\u0131 \u015eam \u015eubesinin d\u00fczenledi\u011fi uluslararas\u0131 ikinci bilimsel eczac\u0131l\u0131k konferans\u0131 ba\u015flad\u0131<\/p>\n","protected":false},"author":1,"featured_media":66182,"comment_status":"closed","ping_status":"closed","sticky":false,"template":"","format":"standard","meta":{"footnotes":""},"categories":[573],"tags":[],"class_list":["post-66179","post","type-post","status-publish","format-standard","has-post-thumbnail","","category-goruntulu-olaylar"],"_links":{"self":[{"href":"https:\/\/archive.sana.sy\/tr\/index.php?rest_route=\/wp\/v2\/posts\/66179","targetHints":{"allow":["GET"]}}],"collection":[{"href":"https:\/\/archive.sana.sy\/tr\/index.php?rest_route=\/wp\/v2\/posts"}],"about":[{"href":"https:\/\/archive.sana.sy\/tr\/index.php?rest_route=\/wp\/v2\/types\/post"}],"author":[{"embeddable":true,"href":"https:\/\/archive.sana.sy\/tr\/index.php?rest_route=\/wp\/v2\/users\/1"}],"replies":[{"embeddable":true,"href":"https:\/\/archive.sana.sy\/tr\/index.php?rest_route=%2Fwp%2Fv2%2Fcomments&post=66179"}],"version-history":[{"count":0,"href":"https:\/\/archive.sana.sy\/tr\/index.php?rest_route=\/wp\/v2\/posts\/66179\/revisions"}],"wp:featuredmedia":[{"embeddable":true,"href":"https:\/\/archive.sana.sy\/tr\/index.php?rest_route=\/wp\/v2\/media\/66182"}],"wp:attachment":[{"href":"https:\/\/archive.sana.sy\/tr\/index.php?rest_route=%2Fwp%2Fv2%2Fmedia&parent=66179"}],"wp:term":[{"taxonomy":"category","embeddable":true,"href":"https:\/\/archive.sana.sy\/tr\/index.php?rest_route=%2Fwp%2Fv2%2Fcategories&post=66179"},{"taxonomy":"post_tag","embeddable":true,"href":"https:\/\/archive.sana.sy\/tr\/index.php?rest_route=%2Fwp%2Fv2%2Ftags&post=66179"}],"curies":[{"name":"wp","href":"https:\/\/api.w.org\/{rel}","templated":true}]}}