{"id":66189,"date":"2016-03-23T20:25:27","date_gmt":"2016-03-23T18:25:27","guid":{"rendered":"http:\/\/sana.sy\/tr\/?p=66189"},"modified":"2016-03-23T15:26:38","modified_gmt":"2016-03-23T13:26:38","slug":"kadinlar-birligi-sam-subesi-sehit-ailelerine-onur-toreni-duzenledi-2","status":"publish","type":"post","link":"https:\/\/archive.sana.sy\/tr\/?p=66189","title":{"rendered":"Kad\u0131nlar Birli\u011fi \u015eam \u015eubesi \u015fehit ailelerine onur t\u00f6reni d\u00fczenledi"},"content":{"rendered":"<p>Kad\u0131nlar Birli\u011fi \u015eam \u015eubesi \u015fehit ailelerine onur t\u00f6reni d\u00fczenledi<\/p>\n","protected":false},"excerpt":{"rendered":"<p>Kad\u0131nlar Birli\u011fi \u015eam \u015eubesi \u015fehit ailelerine onur t\u00f6reni d\u00fczenledi<\/p>\n","protected":false},"author":1,"featured_media":66190,"comment_status":"closed","ping_status":"closed","sticky":false,"template":"","format":"standard","meta":{"footnotes":""},"categories":[573],"tags":[],"class_list":["post-66189","post","type-post","status-publish","format-standard","has-post-thumbnail","","category-goruntulu-olaylar"],"_links":{"self":[{"href":"https:\/\/archive.sana.sy\/tr\/index.php?rest_route=\/wp\/v2\/posts\/66189","targetHints":{"allow":["GET"]}}],"collection":[{"href":"https:\/\/archive.sana.sy\/tr\/index.php?rest_route=\/wp\/v2\/posts"}],"about":[{"href":"https:\/\/archive.sana.sy\/tr\/index.php?rest_route=\/wp\/v2\/types\/post"}],"author":[{"embeddable":true,"href":"https:\/\/archive.sana.sy\/tr\/index.php?rest_route=\/wp\/v2\/users\/1"}],"replies":[{"embeddable":true,"href":"https:\/\/archive.sana.sy\/tr\/index.php?rest_route=%2Fwp%2Fv2%2Fcomments&post=66189"}],"version-history":[{"count":0,"href":"https:\/\/archive.sana.sy\/tr\/index.php?rest_route=\/wp\/v2\/posts\/66189\/revisions"}],"wp:featuredmedia":[{"embeddable":true,"href":"https:\/\/archive.sana.sy\/tr\/index.php?rest_route=\/wp\/v2\/media\/66190"}],"wp:attachment":[{"href":"https:\/\/archive.sana.sy\/tr\/index.php?rest_route=%2Fwp%2Fv2%2Fmedia&parent=66189"}],"wp:term":[{"taxonomy":"category","embeddable":true,"href":"https:\/\/archive.sana.sy\/tr\/index.php?rest_route=%2Fwp%2Fv2%2Fcategories&post=66189"},{"taxonomy":"post_tag","embeddable":true,"href":"https:\/\/archive.sana.sy\/tr\/index.php?rest_route=%2Fwp%2Fv2%2Ftags&post=66189"}],"curies":[{"name":"wp","href":"https:\/\/api.w.org\/{rel}","templated":true}]}}