{"id":6623,"date":"2014-08-06T13:09:36","date_gmt":"2014-08-06T10:09:36","guid":{"rendered":"http:\/\/www.sana.sy\/tr\/?p=6623"},"modified":"2014-08-06T13:09:36","modified_gmt":"2014-08-06T10:09:36","slug":"suriye-irak-ve-lubnan-halklarinin-yanindayiz","status":"publish","type":"post","link":"https:\/\/archive.sana.sy\/tr\/?p=6623","title":{"rendered":"Suriye, Irak ve L\u00fcbnan Halklar\u0131n\u0131n Yan\u0131nday\u0131z"},"content":{"rendered":"<p>TAHRAN &#8211; \u0130ran Ba\u015fkan\u0131 Hasan Ruhani \u00fclkesinin ter\u00f6r ve ter\u00f6ristlerle m\u00fccadelesi ile ya\u015fad\u0131klar\u0131 krizde Suriye halk\u0131n\u0131n yan\u0131nda durduklar\u0131n\u0131 yineleyerek, ter\u00f6r ve ter\u00f6rist fenomeniyle hali haz\u0131rdaki m\u00fccadelelerinde keza Irak ve L\u00fcbnan halklar\u0131n\u0131 da destekledi\u011fini belirtti.<\/p>\n<p>\u00dclkenin orta b\u00f6lgesindeki \u015eehr Kurd kentinde vatanda\u015flara seslendi\u011fi konu\u015fmas\u0131nda Ruhani, \u0130ran halk\u0131n\u0131n direni\u015f\u00e7i bir halk oldu\u011funu sadece \u00e7\u0131karlar\u0131 de\u011fil b\u00fct\u00fcn \u0130slam d\u00fcnyas\u0131n\u0131n \u00e7\u0131karlar\u0131n\u0131 da savundu\u011funu vurgulad\u0131.<\/p>\n<p>\u0130ran\u2019a kar\u015f\u0131 tehdit ve ekonomik yapt\u0131r\u0131mlar dilinin fayda sa\u011flamayaca\u011f\u0131n\u0131 dile getiren Ruhani, \u0130ran halk\u0131n\u0131n bat\u0131l\u0131 \u00fclkeler \u00f6n\u00fcnde boyun e\u011fme ve teslimiyeti reddetti\u011fini belirti.<\/p>\n<p>Ruhani ayr\u0131ca, Tahran\u2019\u0131n \u00e7\u0131kar ve hedeflerini sa\u011flamak hedefiyle bat\u0131 ile her zaman cesur esneklik politikas\u0131n\u0131 izledi\u011fini vurgulad\u0131.<\/p>\n<p>&nbsp;<\/p>\n","protected":false},"excerpt":{"rendered":"<p>TAHRAN &#8211; \u0130ran Ba\u015fkan\u0131 Hasan Ruhani \u00fclkesinin ter\u00f6r ve ter\u00f6ristlerle m\u00fccadelesi ile ya\u015fad\u0131klar\u0131 krizde Suriye halk\u0131n\u0131n yan\u0131nda durduklar\u0131n\u0131 yineleyerek, ter\u00f6r ve ter\u00f6rist fenomeniyle hali haz\u0131rdaki m\u00fccadelelerinde keza Irak ve L\u00fcbnan halklar\u0131n\u0131 da destekledi\u011fini belirtti. \u00dclkenin orta b\u00f6lgesindeki \u015eehr Kurd kentinde vatanda\u015flara seslendi\u011fi konu\u015fmas\u0131nda Ruhani, \u0130ran halk\u0131n\u0131n direni\u015f\u00e7i bir halk oldu\u011funu sadece \u00e7\u0131karlar\u0131 de\u011fil b\u00fct\u00fcn \u0130slam &hellip;<\/p>\n","protected":false},"author":1,"featured_media":6624,"comment_status":"closed","ping_status":"closed","sticky":false,"template":"","format":"standard","meta":{"footnotes":""},"categories":[458,459,447],"tags":[1482,16591],"class_list":["post-6623","post","type-post","status-publish","format-standard","has-post-thumbnail","","category-dunya1","category-haberler-arap-uluslararasi-politika","category-politika","tag-irak-ve-lubnan-halklarinin-yanindayiz","tag-suriye"],"_links":{"self":[{"href":"https:\/\/archive.sana.sy\/tr\/index.php?rest_route=\/wp\/v2\/posts\/6623","targetHints":{"allow":["GET"]}}],"collection":[{"href":"https:\/\/archive.sana.sy\/tr\/index.php?rest_route=\/wp\/v2\/posts"}],"about":[{"href":"https:\/\/archive.sana.sy\/tr\/index.php?rest_route=\/wp\/v2\/types\/post"}],"author":[{"embeddable":true,"href":"https:\/\/archive.sana.sy\/tr\/index.php?rest_route=\/wp\/v2\/users\/1"}],"replies":[{"embeddable":true,"href":"https:\/\/archive.sana.sy\/tr\/index.php?rest_route=%2Fwp%2Fv2%2Fcomments&post=6623"}],"version-history":[{"count":0,"href":"https:\/\/archive.sana.sy\/tr\/index.php?rest_route=\/wp\/v2\/posts\/6623\/revisions"}],"wp:featuredmedia":[{"embeddable":true,"href":"https:\/\/archive.sana.sy\/tr\/index.php?rest_route=\/wp\/v2\/media\/6624"}],"wp:attachment":[{"href":"https:\/\/archive.sana.sy\/tr\/index.php?rest_route=%2Fwp%2Fv2%2Fmedia&parent=6623"}],"wp:term":[{"taxonomy":"category","embeddable":true,"href":"https:\/\/archive.sana.sy\/tr\/index.php?rest_route=%2Fwp%2Fv2%2Fcategories&post=6623"},{"taxonomy":"post_tag","embeddable":true,"href":"https:\/\/archive.sana.sy\/tr\/index.php?rest_route=%2Fwp%2Fv2%2Ftags&post=6623"}],"curies":[{"name":"wp","href":"https:\/\/api.w.org\/{rel}","templated":true}]}}