{"id":66267,"date":"2016-03-23T19:21:42","date_gmt":"2016-03-23T17:21:42","guid":{"rendered":"http:\/\/sana.sy\/tr\/?p=66267"},"modified":"2016-03-23T19:21:42","modified_gmt":"2016-03-23T17:21:42","slug":"cenevrede-suriyeliler-arasindaki-dolayli-diyalog-gorusmelerinde-suriye-arap-cumhuriyeti-heyetinin-baskani-bessar-el-caferi-ab-dis-politika-sorumlusu-federica-mogherini-ile-heyetin-ikametgahinda-bir","status":"publish","type":"post","link":"https:\/\/archive.sana.sy\/tr\/?p=66267","title":{"rendered":"Cenevre&#8217;de Suriyeliler aras\u0131ndaki dolayl\u0131 diyalog g\u00f6r\u00fc\u015fmelerinde Suriye Arap Cumhuriyeti heyetinin ba\u015fkan\u0131 Be\u015f\u015far el Caferi AB D\u0131\u015f Politika Sorumlusu Federica Mogherini ile heyetin ikametgah\u0131nda bir araya geldi\u200f"},"content":{"rendered":"<p>Cenevre&#8217;de Suriyeliler aras\u0131ndaki dolayl\u0131 diyalog g\u00f6r\u00fc\u015fmelerinde Suriye Arap Cumhuriyeti heyetinin ba\u015fkan\u0131 Be\u015f\u015far el Caferi AB D\u0131\u015f Politika Sorumlusu Federica Mogherini ile heyetin ikametgah\u0131nda bir araya geldi\u200f<\/p>\n","protected":false},"excerpt":{"rendered":"<p>Cenevre&#8217;de Suriyeliler aras\u0131ndaki dolayl\u0131 diyalog g\u00f6r\u00fc\u015fmelerinde Suriye Arap Cumhuriyeti heyetinin ba\u015fkan\u0131 Be\u015f\u015far el Caferi AB D\u0131\u015f Politika Sorumlusu Federica Mogherini ile heyetin ikametgah\u0131nda bir araya geldi\u200f<\/p>\n","protected":false},"author":1,"featured_media":0,"comment_status":"closed","ping_status":"closed","sticky":false,"template":"","format":"standard","meta":{"footnotes":""},"categories":[17991],"tags":[],"class_list":["post-66267","post","type-post","status-publish","format-standard","","category-son-dakika"],"_links":{"self":[{"href":"https:\/\/archive.sana.sy\/tr\/index.php?rest_route=\/wp\/v2\/posts\/66267","targetHints":{"allow":["GET"]}}],"collection":[{"href":"https:\/\/archive.sana.sy\/tr\/index.php?rest_route=\/wp\/v2\/posts"}],"about":[{"href":"https:\/\/archive.sana.sy\/tr\/index.php?rest_route=\/wp\/v2\/types\/post"}],"author":[{"embeddable":true,"href":"https:\/\/archive.sana.sy\/tr\/index.php?rest_route=\/wp\/v2\/users\/1"}],"replies":[{"embeddable":true,"href":"https:\/\/archive.sana.sy\/tr\/index.php?rest_route=%2Fwp%2Fv2%2Fcomments&post=66267"}],"version-history":[{"count":0,"href":"https:\/\/archive.sana.sy\/tr\/index.php?rest_route=\/wp\/v2\/posts\/66267\/revisions"}],"wp:attachment":[{"href":"https:\/\/archive.sana.sy\/tr\/index.php?rest_route=%2Fwp%2Fv2%2Fmedia&parent=66267"}],"wp:term":[{"taxonomy":"category","embeddable":true,"href":"https:\/\/archive.sana.sy\/tr\/index.php?rest_route=%2Fwp%2Fv2%2Fcategories&post=66267"},{"taxonomy":"post_tag","embeddable":true,"href":"https:\/\/archive.sana.sy\/tr\/index.php?rest_route=%2Fwp%2Fv2%2Ftags&post=66267"}],"curies":[{"name":"wp","href":"https:\/\/api.w.org\/{rel}","templated":true}]}}