{"id":66270,"date":"2016-03-23T19:57:21","date_gmt":"2016-03-23T17:57:21","guid":{"rendered":"http:\/\/sana.sy\/tr\/?p=66270"},"modified":"2016-03-24T12:45:23","modified_gmt":"2016-03-24T10:45:23","slug":"toplam-ihlal-sayisi-271i-buldu","status":"publish","type":"post","link":"https:\/\/archive.sana.sy\/tr\/?p=66270","title":{"rendered":"Toplam \u0130hlal Say\u0131s\u0131 271\u2019i Buldu"},"content":{"rendered":"<p>LAZK\u0130YE \u2013 Lazkiye k\u0131rsal\u0131 Hmeymim Hava \u00dcss\u00fcnde \u00e7at\u0131\u015fmalar\u0131 durdurma anla\u015fmas\u0131n\u0131 denetleme ve koordinasyon Rus merkezi silahl\u0131 gruplar\u0131n son 24 saat i\u00e7inde Lazkiye k\u0131rsal\u0131nda 4, Homs k\u0131rsal\u0131nda da bir olmak \u00fczere toplam 5 kere ihlal ettiklerini a\u00e7\u0131klad\u0131.<\/p>\n<p>Merkez bug\u00fcn yay\u0131nlad\u0131\u011f\u0131 ve Rusya Savunma Bakanl\u0131\u011f\u0131n\u0131n resmi web sitesinde yay\u0131nlad\u0131\u011f\u0131 b\u00fclteninde b\u00f6ylece 27 \u015fubat tarihinde y\u00fcr\u00fcrl\u00fc\u011fe giren anla\u015fman\u0131n silahl\u0131 gruplar taraf\u0131ndan toplam 271 kez ihlal edilmi\u015f oldu\u011funu belirtti.<\/p>\n<p>Di\u011fer yandan merkez ayn\u0131 b\u00fcltende son 24 saat i\u00e7inde \u015eam, Lazkiye ve Dera k\u0131rsallar\u0131nda 6 beldenin \u00f6nde gelenleriyle \u00e7at\u0131\u015fmalar\u0131n durdurulmas\u0131 ve insani yard\u0131mlar\u0131n ula\u015ft\u0131r\u0131lmas\u0131 konusunda temaslarda bulundu\u011funu a\u00e7\u0131klad\u0131.<\/p>\n<p>Hama k\u0131rsal\u0131nda da iki belde muhtarlar\u0131yla \u00e7at\u0131\u015fmalar\u0131n durdurulmas\u0131 konusunda anlama sa\u011fland\u0131\u011f\u0131n\u0131 ifade edilen b\u00fcltende, b\u00f6ylece anla\u015fmay\u0131 kabul eden beldelerin say\u0131s\u0131n\u0131n 51\u2019e y\u00fckseldi\u011fini, ancak anla\u015fmay\u0131 kabul eden silahl\u0131 gruplar\u0131n 43 olarak kald\u0131\u011f\u0131 belirtildi.<\/p>\n<p>B\u00fcltende Suriye ve Rusya hava g\u00fc\u00e7lerinin anla\u015fmay\u0131 kabul eden gruplar\u0131n mevkilerine kar\u015f\u0131 hi\u00e7bir operasyonda bulunmad\u0131klar\u0131 ifade edilirken, bu gruplar\u0131n bulunduklar\u0131 b\u00f6lgeler konusunda \u00dcrd\u00fcn\u2019\u00fcn ba\u015fkenti Amman\u2019da bulunan Amerikan merkezine bildirildi\u011fi aktar\u0131ld\u0131.<\/p>\n<p>Rus merkez b\u00fclteninde ayr\u0131ca \u015eam k\u0131rsal\u0131nda bir k\u0131s\u0131m b\u00f6lgelere insani yard\u0131mlar\u0131n g\u00f6nderilmesi amac\u0131yla merkez ile Ulusal Uzla\u015fma \u0130\u015flerinden Sorumlu Devlet Bakanl\u0131\u011f\u0131 aras\u0131nda bir toplant\u0131n\u0131n yap\u0131ld\u0131\u011f\u0131n\u0131, Babbila Beldesi ahalisine de yeni bir insani yard\u0131m konvoyu haz\u0131rland\u0131\u011f\u0131n\u0131 belirtti.<\/p>\n","protected":false},"excerpt":{"rendered":"<p>LAZK\u0130YE \u2013 Lazkiye k\u0131rsal\u0131 Hmeymim Hava \u00dcss\u00fcnde \u00e7at\u0131\u015fmalar\u0131 durdurma anla\u015fmas\u0131n\u0131 denetleme ve koordinasyon Rus merkezi silahl\u0131 gruplar\u0131n son 24 saat i\u00e7inde Lazkiye k\u0131rsal\u0131nda 4, Homs k\u0131rsal\u0131nda da bir olmak \u00fczere toplam 5 kere ihlal ettiklerini a\u00e7\u0131klad\u0131. Merkez bug\u00fcn yay\u0131nlad\u0131\u011f\u0131 ve Rusya Savunma Bakanl\u0131\u011f\u0131n\u0131n resmi web sitesinde yay\u0131nlad\u0131\u011f\u0131 b\u00fclteninde b\u00f6ylece 27 \u015fubat tarihinde y\u00fcr\u00fcrl\u00fc\u011fe giren anla\u015fman\u0131n &hellip;<\/p>\n","protected":false},"author":1,"featured_media":65624,"comment_status":"closed","ping_status":"closed","sticky":false,"template":"","format":"standard","meta":{"footnotes":""},"categories":[479,575,17988,478],"tags":[20013,20012],"class_list":["post-66270","post","type-post","status-publish","format-standard","has-post-thumbnail","","category-haberler-yerel","category-olaylar-ve-gercekler","category-son-haberler","category-yerel","tag-hmeymim-hava-ussu","tag-toplam-ihlal-sayisi-271i-buldu"],"_links":{"self":[{"href":"https:\/\/archive.sana.sy\/tr\/index.php?rest_route=\/wp\/v2\/posts\/66270","targetHints":{"allow":["GET"]}}],"collection":[{"href":"https:\/\/archive.sana.sy\/tr\/index.php?rest_route=\/wp\/v2\/posts"}],"about":[{"href":"https:\/\/archive.sana.sy\/tr\/index.php?rest_route=\/wp\/v2\/types\/post"}],"author":[{"embeddable":true,"href":"https:\/\/archive.sana.sy\/tr\/index.php?rest_route=\/wp\/v2\/users\/1"}],"replies":[{"embeddable":true,"href":"https:\/\/archive.sana.sy\/tr\/index.php?rest_route=%2Fwp%2Fv2%2Fcomments&post=66270"}],"version-history":[{"count":0,"href":"https:\/\/archive.sana.sy\/tr\/index.php?rest_route=\/wp\/v2\/posts\/66270\/revisions"}],"wp:featuredmedia":[{"embeddable":true,"href":"https:\/\/archive.sana.sy\/tr\/index.php?rest_route=\/wp\/v2\/media\/65624"}],"wp:attachment":[{"href":"https:\/\/archive.sana.sy\/tr\/index.php?rest_route=%2Fwp%2Fv2%2Fmedia&parent=66270"}],"wp:term":[{"taxonomy":"category","embeddable":true,"href":"https:\/\/archive.sana.sy\/tr\/index.php?rest_route=%2Fwp%2Fv2%2Fcategories&post=66270"},{"taxonomy":"post_tag","embeddable":true,"href":"https:\/\/archive.sana.sy\/tr\/index.php?rest_route=%2Fwp%2Fv2%2Ftags&post=66270"}],"curies":[{"name":"wp","href":"https:\/\/api.w.org\/{rel}","templated":true}]}}