{"id":66278,"date":"2016-03-23T13:30:08","date_gmt":"2016-03-23T11:30:08","guid":{"rendered":"http:\/\/sana.sy\/tr\/?p=66278"},"modified":"2016-03-24T09:06:43","modified_gmt":"2016-03-24T07:06:43","slug":"iddialarin-asli-gercegi-yoktur","status":"publish","type":"post","link":"https:\/\/archive.sana.sy\/tr\/?p=66278","title":{"rendered":"\u0130ddialar\u0131n Asl\u0131 Ger\u00e7e\u011fi Yoktur"},"content":{"rendered":"<p>HALEP &#8211; Halep Valisi Muhammed Mervan el Ulebi, vatan koruyucular\u0131 ordu birliklerimizin vatan ve halk\u0131n g\u00fcvenlik ve selameti i\u00e7in gecesini g\u00fcnd\u00fcz\u00fcne kat\u0131p ter\u00f6re kar\u015f\u0131 amans\u0131z sava\u015f\u0131n\u0131 s\u00fcrd\u00fcrmeleri sayesinde Halep \u2013 Hanaser \u2013 Esriya otoyolunda trafi\u011fin normal ve g\u00fcvenli bir \u015fekilde seyir etti\u011fini belirtti.<\/p>\n<p>Vali Ulebi SANA muhabirine verdi\u011fi deme\u00e7te, sosyal payla\u015f\u0131m sitelerinde \u2018yolun kesildi\u011fi veya g\u00fcvenli olmad\u0131\u011f\u0131na\u2019 ili\u015fkin \u00f6ne s\u00fcr\u00fclen t\u00fcm iddialar\u0131n hi\u00e7bir asl\u0131 ger\u00e7e\u011fi olmad\u0131\u011f\u0131n\u0131 vurgulad\u0131. Ulebi t\u00fcm bu iddialar\u0131n ter\u00f6re kar\u015f\u0131 aral\u0131ks\u0131z sava\u015f\u0131nda ordusuyla dayan\u0131\u015fma i\u00e7inde olan Halep halk\u0131n\u0131n psikolojisini bozma ve tutumlar\u0131ndan cayd\u0131rma ama\u00e7l\u0131 ba\u015far\u0131s\u0131z \u00e7abalardan ibaret oldu\u011funa dikkat \u00e7ekti.<\/p>\n<p>Halep\u2019e g\u00f6nderilen yak\u0131t hacminin nispi oranda azalmas\u0131n\u0131n nedeni konusunda ise Vali Ulebi; bunun nedeninin ard\u0131 ard\u0131na gelen resmi tatiller oldu\u011funu belirtirken yar\u0131ndan sonra yak\u0131t hacminin normale d\u00f6nece\u011fini ve yeniden t\u00fcm petrol ofislerinde yeterli bir \u015fekilde bulunaca\u011f\u0131n\u0131 s\u00f6yledi.<br \/>\nOrdu birliklerimiz Halep \u2013 Hanas\u0131r \u2013 Esriya otoyolunu sald\u0131rgan I\u015e\u0130D ter\u00f6ristlerinden temizlemesi ard\u0131ndan 1 Marttan bu yana tam olarak g\u00fcvenli\u011fini sa\u011flam\u0131\u015flard\u0131r.<\/p>\n","protected":false},"excerpt":{"rendered":"<p>HALEP &#8211; Halep Valisi Muhammed Mervan el Ulebi, vatan koruyucular\u0131 ordu birliklerimizin vatan ve halk\u0131n g\u00fcvenlik ve selameti i\u00e7in gecesini g\u00fcnd\u00fcz\u00fcne kat\u0131p ter\u00f6re kar\u015f\u0131 amans\u0131z sava\u015f\u0131n\u0131 s\u00fcrd\u00fcrmeleri sayesinde Halep \u2013 Hanaser \u2013 Esriya otoyolunda trafi\u011fin normal ve g\u00fcvenli bir \u015fekilde seyir etti\u011fini belirtti. Vali Ulebi SANA muhabirine verdi\u011fi deme\u00e7te, sosyal payla\u015f\u0131m sitelerinde \u2018yolun kesildi\u011fi veya &hellip;<\/p>\n","protected":false},"author":1,"featured_media":66279,"comment_status":"closed","ping_status":"closed","sticky":false,"template":"","format":"standard","meta":{"footnotes":""},"categories":[575,17988],"tags":[20018,20017,20016],"class_list":["post-66278","post","type-post","status-publish","format-standard","has-post-thumbnail","","category-olaylar-ve-gercekler","category-son-haberler","tag-halep-hanaser-esriya-otoyolu","tag-halep-valisi-muhammed-mervan-el-ulebi","tag-iddialarin-asli-gercegi-yoktur"],"_links":{"self":[{"href":"https:\/\/archive.sana.sy\/tr\/index.php?rest_route=\/wp\/v2\/posts\/66278","targetHints":{"allow":["GET"]}}],"collection":[{"href":"https:\/\/archive.sana.sy\/tr\/index.php?rest_route=\/wp\/v2\/posts"}],"about":[{"href":"https:\/\/archive.sana.sy\/tr\/index.php?rest_route=\/wp\/v2\/types\/post"}],"author":[{"embeddable":true,"href":"https:\/\/archive.sana.sy\/tr\/index.php?rest_route=\/wp\/v2\/users\/1"}],"replies":[{"embeddable":true,"href":"https:\/\/archive.sana.sy\/tr\/index.php?rest_route=%2Fwp%2Fv2%2Fcomments&post=66278"}],"version-history":[{"count":0,"href":"https:\/\/archive.sana.sy\/tr\/index.php?rest_route=\/wp\/v2\/posts\/66278\/revisions"}],"wp:featuredmedia":[{"embeddable":true,"href":"https:\/\/archive.sana.sy\/tr\/index.php?rest_route=\/wp\/v2\/media\/66279"}],"wp:attachment":[{"href":"https:\/\/archive.sana.sy\/tr\/index.php?rest_route=%2Fwp%2Fv2%2Fmedia&parent=66278"}],"wp:term":[{"taxonomy":"category","embeddable":true,"href":"https:\/\/archive.sana.sy\/tr\/index.php?rest_route=%2Fwp%2Fv2%2Fcategories&post=66278"},{"taxonomy":"post_tag","embeddable":true,"href":"https:\/\/archive.sana.sy\/tr\/index.php?rest_route=%2Fwp%2Fv2%2Ftags&post=66278"}],"curies":[{"name":"wp","href":"https:\/\/api.w.org\/{rel}","templated":true}]}}