{"id":6628,"date":"2014-08-06T13:48:37","date_gmt":"2014-08-06T10:48:37","guid":{"rendered":"http:\/\/www.sana.sy\/tr\/?p=6628"},"modified":"2014-08-06T13:48:37","modified_gmt":"2014-08-06T10:48:37","slug":"haseke-iline-tabi-kamisli-kenti-ahalisi-kentin-sebii-bahrat-meydaninda-duzenledikleri-gosteride-suriye-arap-ordusu-ile-dayanismalarini-ifade-ederken-teror-cetelerinin-haseke-ilinde-bulunduklari-eylem","status":"publish","type":"post","link":"https:\/\/archive.sana.sy\/tr\/?p=6628","title":{"rendered":"Haseke iline tabi Kam\u0131\u015fl\u0131 Kenti ahalisi kentin Sebii Bahrat Meydan\u0131nda d\u00fczenledikleri g\u00f6steride Suriye Arap Ordusu ile dayan\u0131\u015fmalar\u0131n\u0131 ifade ederken, ter\u00f6r \u00e7etelerinin Haseke ilinde bulunduklar\u0131 eylemleri \u015fiddetle k\u0131nad\u0131lar"},"content":{"rendered":"<p>Haseke iline tabi Kam\u0131\u015fl\u0131 Kenti ahalisi kentin Sebii Bahrat Meydan\u0131nda d\u00fczenledikleri g\u00f6steride Suriye Arap Ordusu ile dayan\u0131\u015fmalar\u0131n\u0131 ifade ederken, ter\u00f6r \u00e7etelerinin Haseke ilinde bulunduklar\u0131 eylemleri \u015fiddetle k\u0131nad\u0131lar<\/p>\n","protected":false},"excerpt":{"rendered":"<p>Haseke iline tabi Kam\u0131\u015fl\u0131 Kenti ahalisi kentin Sebii Bahrat Meydan\u0131nda d\u00fczenledikleri g\u00f6steride Suriye Arap Ordusu ile dayan\u0131\u015fmalar\u0131n\u0131 ifade ederken, ter\u00f6r \u00e7etelerinin Haseke ilinde bulunduklar\u0131 eylemleri \u015fiddetle k\u0131nad\u0131lar<\/p>\n","protected":false},"author":1,"featured_media":0,"comment_status":"closed","ping_status":"closed","sticky":false,"template":"","format":"standard","meta":{"footnotes":""},"categories":[1],"tags":[1483,1484],"class_list":["post-6628","post","type-post","status-publish","format-standard","","category-news-not-sorted","tag-haseke-iline-tabi-kamisli-kenti-ahalisi-kentin-sebii-bahrat-meydaninda-duzenledikleri-gosteride-suriye-arap-ordusu-ile-dayanismalarini-ifade-ederken","tag-teror-cetelerinin-haseke-ilinde-bulunduklari-eylemleri-siddetle-kinadilar"],"_links":{"self":[{"href":"https:\/\/archive.sana.sy\/tr\/index.php?rest_route=\/wp\/v2\/posts\/6628","targetHints":{"allow":["GET"]}}],"collection":[{"href":"https:\/\/archive.sana.sy\/tr\/index.php?rest_route=\/wp\/v2\/posts"}],"about":[{"href":"https:\/\/archive.sana.sy\/tr\/index.php?rest_route=\/wp\/v2\/types\/post"}],"author":[{"embeddable":true,"href":"https:\/\/archive.sana.sy\/tr\/index.php?rest_route=\/wp\/v2\/users\/1"}],"replies":[{"embeddable":true,"href":"https:\/\/archive.sana.sy\/tr\/index.php?rest_route=%2Fwp%2Fv2%2Fcomments&post=6628"}],"version-history":[{"count":0,"href":"https:\/\/archive.sana.sy\/tr\/index.php?rest_route=\/wp\/v2\/posts\/6628\/revisions"}],"wp:attachment":[{"href":"https:\/\/archive.sana.sy\/tr\/index.php?rest_route=%2Fwp%2Fv2%2Fmedia&parent=6628"}],"wp:term":[{"taxonomy":"category","embeddable":true,"href":"https:\/\/archive.sana.sy\/tr\/index.php?rest_route=%2Fwp%2Fv2%2Fcategories&post=6628"},{"taxonomy":"post_tag","embeddable":true,"href":"https:\/\/archive.sana.sy\/tr\/index.php?rest_route=%2Fwp%2Fv2%2Ftags&post=6628"}],"curies":[{"name":"wp","href":"https:\/\/api.w.org\/{rel}","templated":true}]}}