{"id":66281,"date":"2016-03-23T20:25:01","date_gmt":"2016-03-23T18:25:01","guid":{"rendered":"http:\/\/sana.sy\/tr\/?p=66281"},"modified":"2016-03-23T20:24:33","modified_gmt":"2016-03-23T18:24:33","slug":"toplantida-abnin-suriyeye-uyguladigi-tek-tarafli-gayri-mesru-ekonomik-yaptirimlarin-suriye-halkina-olumsuz-yansimalarina-isik-tutuldugunu-da-belirten-caferi-bu-yaptirimlarin-kaldirilmasi-o","status":"publish","type":"post","link":"https:\/\/archive.sana.sy\/tr\/?p=66281","title":{"rendered":"Toplant\u0131da AB\u2019nin Suriye&#8217;ye uygulad\u0131\u011f\u0131 tek tarafl\u0131 gayr\u0131 me\u015fru ekonomik yapt\u0131r\u0131mlar\u0131n Suriye halk\u0131na olumsuz yans\u0131malar\u0131na \u0131\u015f\u0131k tutuldu\u011funu da belirten Caferi; bu yapt\u0131r\u0131mlar\u0131n kald\u0131r\u0131lmas\u0131 \u00f6neminin de belirtildi\u011fini s\u00f6yledi"},"content":{"rendered":"<p>Toplant\u0131da AB\u2019nin Suriye&#8217;ye uygulad\u0131\u011f\u0131 tek tarafl\u0131 gayr\u0131 me\u015fru ekonomik yapt\u0131r\u0131mlar\u0131n Suriye halk\u0131na olumsuz yans\u0131malar\u0131na \u0131\u015f\u0131k tutuldu\u011funu da belirten Caferi; bu yapt\u0131r\u0131mlar\u0131n kald\u0131r\u0131lmas\u0131 \u00f6neminin de belirtildi\u011fini s\u00f6yledi<\/p>\n","protected":false},"excerpt":{"rendered":"<p>Toplant\u0131da AB\u2019nin Suriye&#8217;ye uygulad\u0131\u011f\u0131 tek tarafl\u0131 gayr\u0131 me\u015fru ekonomik yapt\u0131r\u0131mlar\u0131n Suriye halk\u0131na olumsuz yans\u0131malar\u0131na \u0131\u015f\u0131k tutuldu\u011funu da belirten Caferi; bu yapt\u0131r\u0131mlar\u0131n kald\u0131r\u0131lmas\u0131 \u00f6neminin de belirtildi\u011fini s\u00f6yledi<\/p>\n","protected":false},"author":1,"featured_media":0,"comment_status":"closed","ping_status":"closed","sticky":false,"template":"","format":"standard","meta":{"footnotes":""},"categories":[1],"tags":[],"class_list":["post-66281","post","type-post","status-publish","format-standard","","category-news-not-sorted"],"_links":{"self":[{"href":"https:\/\/archive.sana.sy\/tr\/index.php?rest_route=\/wp\/v2\/posts\/66281","targetHints":{"allow":["GET"]}}],"collection":[{"href":"https:\/\/archive.sana.sy\/tr\/index.php?rest_route=\/wp\/v2\/posts"}],"about":[{"href":"https:\/\/archive.sana.sy\/tr\/index.php?rest_route=\/wp\/v2\/types\/post"}],"author":[{"embeddable":true,"href":"https:\/\/archive.sana.sy\/tr\/index.php?rest_route=\/wp\/v2\/users\/1"}],"replies":[{"embeddable":true,"href":"https:\/\/archive.sana.sy\/tr\/index.php?rest_route=%2Fwp%2Fv2%2Fcomments&post=66281"}],"version-history":[{"count":0,"href":"https:\/\/archive.sana.sy\/tr\/index.php?rest_route=\/wp\/v2\/posts\/66281\/revisions"}],"wp:attachment":[{"href":"https:\/\/archive.sana.sy\/tr\/index.php?rest_route=%2Fwp%2Fv2%2Fmedia&parent=66281"}],"wp:term":[{"taxonomy":"category","embeddable":true,"href":"https:\/\/archive.sana.sy\/tr\/index.php?rest_route=%2Fwp%2Fv2%2Fcategories&post=66281"},{"taxonomy":"post_tag","embeddable":true,"href":"https:\/\/archive.sana.sy\/tr\/index.php?rest_route=%2Fwp%2Fv2%2Ftags&post=66281"}],"curies":[{"name":"wp","href":"https:\/\/api.w.org\/{rel}","templated":true}]}}