{"id":66299,"date":"2016-03-23T20:15:11","date_gmt":"2016-03-23T18:15:11","guid":{"rendered":"http:\/\/sana.sy\/tr\/?p=66299"},"modified":"2016-03-29T10:44:02","modified_gmt":"2016-03-29T07:44:02","slug":"cozum-mutlak-bir-gerekliliktir","status":"publish","type":"post","link":"https:\/\/archive.sana.sy\/tr\/?p=66299","title":{"rendered":"\u00c7\u00f6z\u00fcm Mutlak Bir Gerekliliktir"},"content":{"rendered":"<p>CENEVRE \u2013 BM genel sekreterinin Suriye \u00f6zel temsilcisi Staffan de Mistura ve AB D\u0131\u015f Politika Sorumlusu Federica Mogherini Cenevre&#8217;de ortak bas\u0131n toplant\u0131s\u0131 d\u00fczenledi.<\/p>\n<p>Bas\u0131n toplant\u0131s\u0131nda Mogherini AB\u2019nin Suriye&#8217;de krizin \u00e7\u00f6z\u00fcm\u00fc i\u00e7in BM\u2019ye deste\u011finde b\u00fcy\u00fck anlamda etkin olaca\u011f\u0131n\u0131 belirtirken, AB\u2019nin Suriyeliler aras\u0131nda Cenevre&#8217;de yap\u0131lan diyalog g\u00f6r\u00fc\u015fmelerinin ba\u015far\u0131l\u0131 olmas\u0131 i\u00e7in de Mistura\u2019n\u0131n \u00e7abalar\u0131n\u0131 destekledi\u011fini ifade etti.<\/p>\n<p>Mogherini Avrupa ve d\u00fcnyan\u0131n daha ba\u015fka b\u00f6lgelerini tehdit eden tehlikenin nedeninin, Suriye&#8217;de bulunan I\u015e\u0130D oldu\u011funu belirtti.<\/p>\n<p>Suriye&#8217;de \u00e7at\u0131\u015fmalar\u0131 durdurma anla\u015fmas\u0131n\u0131n ba\u015far\u0131l\u0131 bir \u015fekilde devam etmesinin \u00f6nemine dikkat \u00e7eken Mogherini, siyasi s\u00fcrecin de herkesin \u00e7\u0131karlar\u0131 do\u011frultusunda ba\u015far\u0131l\u0131 olmas\u0131na \u00e7aba harcad\u0131klar\u0131n\u0131 s\u00f6yledi.<\/p>\n<p>Bas\u0131n toplant\u0131s\u0131nda de Mistura; ter\u00f6re kar\u015f\u0131 zaferin sa\u011flanmas\u0131 i\u00e7in Suriye&#8217;de siyasi \u00e7\u00f6z\u00fcm\u00fcn ba\u015far\u0131l\u0131 olmas\u0131n\u0131n mutlak bir gereklilik te\u015fkil etti\u011fini belirtti. De Mistura Suriye&#8217;de siyasi \u00e7\u00f6z\u00fcm\u00fcn sa\u011flanmas\u0131 ve ter\u00f6re son verilmesinde t\u00fcm devletlerin \u00e7\u0131kar\u0131 oldu\u011funu ifade etti.<\/p>\n","protected":false},"excerpt":{"rendered":"<p>CENEVRE \u2013 BM genel sekreterinin Suriye \u00f6zel temsilcisi Staffan de Mistura ve AB D\u0131\u015f Politika Sorumlusu Federica Mogherini Cenevre&#8217;de ortak bas\u0131n toplant\u0131s\u0131 d\u00fczenledi. Bas\u0131n toplant\u0131s\u0131nda Mogherini AB\u2019nin Suriye&#8217;de krizin \u00e7\u00f6z\u00fcm\u00fc i\u00e7in BM\u2019ye deste\u011finde b\u00fcy\u00fck anlamda etkin olaca\u011f\u0131n\u0131 belirtirken, AB\u2019nin Suriyeliler aras\u0131nda Cenevre&#8217;de yap\u0131lan diyalog g\u00f6r\u00fc\u015fmelerinin ba\u015far\u0131l\u0131 olmas\u0131 i\u00e7in de Mistura\u2019n\u0131n \u00e7abalar\u0131n\u0131 destekledi\u011fini ifade etti. Mogherini &hellip;<\/p>\n","protected":false},"author":1,"featured_media":66300,"comment_status":"closed","ping_status":"closed","sticky":false,"template":"","format":"standard","meta":{"footnotes":""},"categories":[458,459,17988],"tags":[20020,20021],"class_list":["post-66299","post","type-post","status-publish","format-standard","has-post-thumbnail","","category-dunya1","category-haberler-arap-uluslararasi-politika","category-son-haberler","tag-cozum-mutlak-bir-gerekliliktir","tag-federica-mogherini"],"_links":{"self":[{"href":"https:\/\/archive.sana.sy\/tr\/index.php?rest_route=\/wp\/v2\/posts\/66299","targetHints":{"allow":["GET"]}}],"collection":[{"href":"https:\/\/archive.sana.sy\/tr\/index.php?rest_route=\/wp\/v2\/posts"}],"about":[{"href":"https:\/\/archive.sana.sy\/tr\/index.php?rest_route=\/wp\/v2\/types\/post"}],"author":[{"embeddable":true,"href":"https:\/\/archive.sana.sy\/tr\/index.php?rest_route=\/wp\/v2\/users\/1"}],"replies":[{"embeddable":true,"href":"https:\/\/archive.sana.sy\/tr\/index.php?rest_route=%2Fwp%2Fv2%2Fcomments&post=66299"}],"version-history":[{"count":0,"href":"https:\/\/archive.sana.sy\/tr\/index.php?rest_route=\/wp\/v2\/posts\/66299\/revisions"}],"wp:featuredmedia":[{"embeddable":true,"href":"https:\/\/archive.sana.sy\/tr\/index.php?rest_route=\/wp\/v2\/media\/66300"}],"wp:attachment":[{"href":"https:\/\/archive.sana.sy\/tr\/index.php?rest_route=%2Fwp%2Fv2%2Fmedia&parent=66299"}],"wp:term":[{"taxonomy":"category","embeddable":true,"href":"https:\/\/archive.sana.sy\/tr\/index.php?rest_route=%2Fwp%2Fv2%2Fcategories&post=66299"},{"taxonomy":"post_tag","embeddable":true,"href":"https:\/\/archive.sana.sy\/tr\/index.php?rest_route=%2Fwp%2Fv2%2Ftags&post=66299"}],"curies":[{"name":"wp","href":"https:\/\/api.w.org\/{rel}","templated":true}]}}